{"id":11045,"date":"2024-04-19T11:49:12","date_gmt":"2024-04-19T10:49:12","guid":{"rendered":"https:\/\/vrtec-sezana.si\/?p=11045"},"modified":"2024-04-19T11:49:12","modified_gmt":"2024-04-19T10:49:12","slug":"tri-barve","status":"publish","type":"post","link":"https:\/\/vrtec-sezana.si\/?p=11045","title":{"rendered":"Tri barve"},"content":{"rendered":"\n<p>V vrtcu lokev so si otroci iz skupin Medvedki in Dinozavri ogledali predstavo z naslovom TRI BARVE. Odigrala jo je Maja Anderli\u010d Mo\u017ee. V predstavo so bile vklju\u010dene tri barve in sicer modra, rde\u010da in rumena. Najprej smo si ogledali kak\u0161no sadje poznamo rde\u010de in rumene barve. Nato sta se ti dve barvi zme\u0161ali in nastalo je oran\u017eno sadje. Sledilo je \u0161e sadje modre barve. Tudi modra barva se je zme\u0161ala z rumeno in tako je nastalo zeleno sadje. Kmalu je Maja zme\u0161ala \u0161e modro in rde\u010do barvo iz katerih pa smo dobili vijoli\u010dno sadje in zelenjavo. Na koncu pa so vse barve skupaj slikale in vriskale \u00bbTo je zabava\u00ab, naslikale so \u010dudovito sliko, na kateri je bila trava, ro\u017eice, drevo, oblaki, metulj,\u2026 Od takrat naprej pa se barve igrajo le \u0161e skupaj. Kadar so zares dobre volje naslikajo tudi mavrico, \u010dez celo nebo. Ko pa pride \u010drna nastane nebo temno, na katerem so najsvetlej\u0161e \u010dudovite zvezdice, ki barvam svetijo na poti domov. Otrokom je bila predstava tako v\u0161e\u010d, da so tudi sami po predstavi me\u0161ali barve in z njimi prosto slikali.<\/p>\n\n\n\n<p>Besedilo: Tina Orel<\/p>\n\n\n\n<p>Fotografije: Arhiv vrtca Lokev<\/p>\n\n\n\n<div class=\"wp-block-buttons is-layout-flex wp-block-buttons-is-layout-flex\">\n<div class=\"wp-block-button\"><a class=\"wp-block-button__link wp-element-button\" href=\"https:\/\/vrtec-sezana.si\/?page_id=11027\">GALERIJA<\/a><\/div>\n<\/div>\n","protected":false},"excerpt":{"rendered":"<p>V vrtcu lokev so si otroci iz skupin Medvedki in Dinozavri ogledali predstavo z naslovom TRI BARVE. Odigrala jo je Maja Anderli\u010d Mo\u017ee. V predstavo so bile vklju\u010dene tri barve in sicer modra, rde\u010da in rumena. Najprej smo si ogledali kak\u0161no sadje&#8230;<\/p>\n","protected":false},"author":23,"featured_media":11043,"comment_status":"closed","ping_status":"closed","sticky":false,"template":"","format":"standard","meta":{"footnotes":""},"categories":[13],"tags":[],"jetpack_featured_media_url":"https:\/\/vrtec-sezana.si\/wp-content\/uploads\/2024\/04\/000-4-scaled.jpg","_links":{"self":[{"href":"https:\/\/vrtec-sezana.si\/index.php?rest_route=\/wp\/v2\/posts\/11045"}],"collection":[{"href":"https:\/\/vrtec-sezana.si\/index.php?rest_route=\/wp\/v2\/posts"}],"about":[{"href":"https:\/\/vrtec-sezana.si\/index.php?rest_route=\/wp\/v2\/types\/post"}],"author":[{"embeddable":true,"href":"https:\/\/vrtec-sezana.si\/index.php?rest_route=\/wp\/v2\/users\/23"}],"replies":[{"embeddable":true,"href":"https:\/\/vrtec-sezana.si\/index.php?rest_route=%2Fwp%2Fv2%2Fcomments&post=11045"}],"version-history":[{"count":1,"href":"https:\/\/vrtec-sezana.si\/index.php?rest_route=\/wp\/v2\/posts\/11045\/revisions"}],"predecessor-version":[{"id":11046,"href":"https:\/\/vrtec-sezana.si\/index.php?rest_route=\/wp\/v2\/posts\/11045\/revisions\/11046"}],"wp:featuredmedia":[{"embeddable":true,"href":"https:\/\/vrtec-sezana.si\/index.php?rest_route=\/wp\/v2\/media\/11043"}],"wp:attachment":[{"href":"https:\/\/vrtec-sezana.si\/index.php?rest_route=%2Fwp%2Fv2%2Fmedia&parent=11045"}],"wp:term":[{"taxonomy":"category","embeddable":true,"href":"https:\/\/vrtec-sezana.si\/index.php?rest_route=%2Fwp%2Fv2%2Fcategories&post=11045"},{"taxonomy":"post_tag","embeddable":true,"href":"https:\/\/vrtec-sezana.si\/index.php?rest_route=%2Fwp%2Fv2%2Ftags&post=11045"}],"curies":[{"name":"wp","href":"https:\/\/api.w.org\/{rel}","templated":true}]}}