{"id":11021,"date":"2024-04-18T13:22:27","date_gmt":"2024-04-18T12:22:27","guid":{"rendered":"https:\/\/vrtec-sezana.si\/?p=11021"},"modified":"2024-04-18T13:22:27","modified_gmt":"2024-04-18T12:22:27","slug":"prav-poseben-pohod-skupine-soncki","status":"publish","type":"post","link":"https:\/\/vrtec-sezana.si\/?p=11021","title":{"rendered":"Prav poseben pohod\u00a0skupine Son\u010dki"},"content":{"rendered":"\n<p>V \u010detrtek je bil za nas prav poseben dan. V vrtec smo povabili na\u0161e none, nonote, dedke, babice in enega strica, ter se skupaj odpravili na fit aktivni pohod, da bi obele\u017eili dan zdravja. Vsi skupaj smo se zbrali pred vrtcem in se odpravili po poti, ki nas je &nbsp;vodila mimo \u0161ole, \u010dez cesto do Div\u010d, po gozdni poti, po novi kolesarski poti, po gozdu ter nazaj do vrtca. Bila je \u010dudovita izku\u0161nja, polna smeha, gibanja in medsebojne povezanosti.&nbsp;Prepri\u010dani smo, da smo s tem dogodkom spodbudili zavest o pomembnosti gibanja in dru\u017eenja ter okrepili vezi med generacijami.&nbsp;Imeli smo se zelo lepo.<\/p>\n\n\n\n<p>Besedilo: Mateja Be\u017eek Kosma\u010d<\/p>\n\n\n\n<p>Fotografije: Mateja Be\u017eek Kosma\u010d<\/p>\n\n\n\n<div class=\"wp-block-buttons is-layout-flex wp-block-buttons-is-layout-flex\">\n<div class=\"wp-block-button\"><a class=\"wp-block-button__link wp-element-button\" href=\"https:\/\/vrtec-sezana.si\/?page_id=11008\">GALERIJA<\/a><\/div>\n<\/div>\n","protected":false},"excerpt":{"rendered":"<p>V \u010detrtek je bil za nas prav poseben dan. V vrtec smo povabili na\u0161e none, nonote, dedke, babice in enega strica, ter se skupaj odpravili na fit aktivni pohod, da bi obele\u017eili dan zdravja. Vsi skupaj smo se zbrali pred vrtcem in&#8230;<\/p>\n","protected":false},"author":32,"featured_media":11022,"comment_status":"closed","ping_status":"closed","sticky":false,"template":"","format":"standard","meta":{"footnotes":""},"categories":[12],"tags":[],"jetpack_featured_media_url":"https:\/\/vrtec-sezana.si\/wp-content\/uploads\/2024\/04\/NASLOVNICA-1.jpg","_links":{"self":[{"href":"https:\/\/vrtec-sezana.si\/index.php?rest_route=\/wp\/v2\/posts\/11021"}],"collection":[{"href":"https:\/\/vrtec-sezana.si\/index.php?rest_route=\/wp\/v2\/posts"}],"about":[{"href":"https:\/\/vrtec-sezana.si\/index.php?rest_route=\/wp\/v2\/types\/post"}],"author":[{"embeddable":true,"href":"https:\/\/vrtec-sezana.si\/index.php?rest_route=\/wp\/v2\/users\/32"}],"replies":[{"embeddable":true,"href":"https:\/\/vrtec-sezana.si\/index.php?rest_route=%2Fwp%2Fv2%2Fcomments&post=11021"}],"version-history":[{"count":1,"href":"https:\/\/vrtec-sezana.si\/index.php?rest_route=\/wp\/v2\/posts\/11021\/revisions"}],"predecessor-version":[{"id":11023,"href":"https:\/\/vrtec-sezana.si\/index.php?rest_route=\/wp\/v2\/posts\/11021\/revisions\/11023"}],"wp:featuredmedia":[{"embeddable":true,"href":"https:\/\/vrtec-sezana.si\/index.php?rest_route=\/wp\/v2\/media\/11022"}],"wp:attachment":[{"href":"https:\/\/vrtec-sezana.si\/index.php?rest_route=%2Fwp%2Fv2%2Fmedia&parent=11021"}],"wp:term":[{"taxonomy":"category","embeddable":true,"href":"https:\/\/vrtec-sezana.si\/index.php?rest_route=%2Fwp%2Fv2%2Fcategories&post=11021"},{"taxonomy":"post_tag","embeddable":true,"href":"https:\/\/vrtec-sezana.si\/index.php?rest_route=%2Fwp%2Fv2%2Ftags&post=11021"}],"curies":[{"name":"wp","href":"https:\/\/api.w.org\/{rel}","templated":true}]}}