{"id":11006,"date":"2024-04-18T12:48:50","date_gmt":"2024-04-18T11:48:50","guid":{"rendered":"https:\/\/vrtec-sezana.si\/?p=11006"},"modified":"2024-04-18T12:51:51","modified_gmt":"2024-04-18T11:51:51","slug":"to-sem-jaz","status":"publish","type":"post","link":"https:\/\/vrtec-sezana.si\/?p=11006","title":{"rendered":"To sem jaz"},"content":{"rendered":"\n<p>V mesecu marcu smo se v skupini ra\u010dk pogovarjali o sebi, svojem telesu ter kako poskrbeti za zdravje.<\/p>\n\n\n\n<p>Dobro po\u010dutje in zdravje gresta vselej z roko v roki, sta vrednosti, za kateri bi si morali prizadevati vse \u017eivljenje. Tudi med otroke je potrebno \u0161iriti zavest o skrbi zase in za svoje dobro po\u010dutje. V vrtcu se trudimo, da ustvarjamo pogoje za oblikovanje zdravega, varnega in spodbudnega okolja, v katerem bi se po\u010dutili dobro vsi: otroci, vzgojitelji in star\u0161i. Odrasli moramo z svojim zgledom prispevati k temu, da se bodo otroci v vrtcu po\u010dutili dobro, varno in sprejeto.<\/p>\n\n\n\n<p>V tem mesecu smo spoznavali svoje telo, veliko plesali in se gibali z razli\u010dnimi deli telesa. Prepevali smo pesem \u00bbMalo mi\u0161e\u00ab ter se igrali igro \u00bbObli\u017ei\u00ab. Kazali in poimenovali smo dele telesa na sebi, svojih prijateljih. Listali smo knjige in prebirali razli\u010dne pravljice o zdravnikih ter kaj storimo ko zbolimo.<\/p>\n\n\n\n<p>Narisali smo tudi sebe in dopolnjevali \u010dlove\u0161ko telo.<\/p>\n\n\n\n<p>Vrhunec je bil zagotovo, ko sta nas obiskali medicinski sestri. Predstavili sta nam pripomo\u010dke, ki jih zdravniki ter one uporabljajo pri svojem poklicu. Ugotovili smo, da so ti pripomo\u010dki zabavni in \u010disto ni\u010d stra\u0161ni. Sedaj nas zagotovo ne bo ve\u010d strah zdravnika.<\/p>\n\n\n\n<p>Besedilo: Katarina \u010cernigoj<\/p>\n\n\n\n<p>Fotografija: Katarina \u010cernigoj<\/p>\n\n\n\n<p><\/p>\n\n\n\n<div class=\"wp-block-buttons is-layout-flex wp-block-buttons-is-layout-flex\">\n<div class=\"wp-block-button\"><a class=\"wp-block-button__link wp-element-button\" href=\"https:\/\/vrtec-sezana.si\/?page_id=10991\">GALERIJA<\/a><\/div>\n<\/div>\n","protected":false},"excerpt":{"rendered":"<p>V mesecu marcu smo se v skupini ra\u010dk pogovarjali o sebi, svojem telesu ter kako poskrbeti za zdravje. Dobro po\u010dutje in zdravje gresta vselej z roko v roki, sta vrednosti, za kateri bi si morali prizadevati vse \u017eivljenje. Tudi med otroke je&#8230;<\/p>\n","protected":false},"author":16,"featured_media":10998,"comment_status":"closed","ping_status":"open","sticky":false,"template":"","format":"standard","meta":{"footnotes":""},"categories":[15],"tags":[],"jetpack_featured_media_url":"https:\/\/vrtec-sezana.si\/wp-content\/uploads\/2024\/04\/20240409_070046-scaled.jpg","_links":{"self":[{"href":"https:\/\/vrtec-sezana.si\/index.php?rest_route=\/wp\/v2\/posts\/11006"}],"collection":[{"href":"https:\/\/vrtec-sezana.si\/index.php?rest_route=\/wp\/v2\/posts"}],"about":[{"href":"https:\/\/vrtec-sezana.si\/index.php?rest_route=\/wp\/v2\/types\/post"}],"author":[{"embeddable":true,"href":"https:\/\/vrtec-sezana.si\/index.php?rest_route=\/wp\/v2\/users\/16"}],"replies":[{"embeddable":true,"href":"https:\/\/vrtec-sezana.si\/index.php?rest_route=%2Fwp%2Fv2%2Fcomments&post=11006"}],"version-history":[{"count":1,"href":"https:\/\/vrtec-sezana.si\/index.php?rest_route=\/wp\/v2\/posts\/11006\/revisions"}],"predecessor-version":[{"id":11007,"href":"https:\/\/vrtec-sezana.si\/index.php?rest_route=\/wp\/v2\/posts\/11006\/revisions\/11007"}],"wp:featuredmedia":[{"embeddable":true,"href":"https:\/\/vrtec-sezana.si\/index.php?rest_route=\/wp\/v2\/media\/10998"}],"wp:attachment":[{"href":"https:\/\/vrtec-sezana.si\/index.php?rest_route=%2Fwp%2Fv2%2Fmedia&parent=11006"}],"wp:term":[{"taxonomy":"category","embeddable":true,"href":"https:\/\/vrtec-sezana.si\/index.php?rest_route=%2Fwp%2Fv2%2Fcategories&post=11006"},{"taxonomy":"post_tag","embeddable":true,"href":"https:\/\/vrtec-sezana.si\/index.php?rest_route=%2Fwp%2Fv2%2Ftags&post=11006"}],"curies":[{"name":"wp","href":"https:\/\/api.w.org\/{rel}","templated":true}]}}