{"id":10973,"date":"2024-04-18T07:12:03","date_gmt":"2024-04-18T06:12:03","guid":{"rendered":"https:\/\/vrtec-sezana.si\/?p=10973"},"modified":"2024-04-18T07:12:03","modified_gmt":"2024-04-18T06:12:03","slug":"sadje-je-zdravo","status":"publish","type":"post","link":"https:\/\/vrtec-sezana.si\/?p=10973","title":{"rendered":"Sadje je zdravo"},"content":{"rendered":"\n<p>V skupini dinozavri se veliko&nbsp; pogovarjamo o zdravem na\u010dinu \u017eivljenja. Ugotovili smo, da se je za zdravje potrebno potruditi. Vsak dan je potrebno jesti zdravo prehrano, se gibati na sve\u017eem zraku, popiti veliko vode, skrbeti za varnost in dovolj spati. V marcu sta nas obiskali medicinski sestri in nam pripovedovali in pokazali kaj vse je potrebno po\u010deti in kako, da ostanemo zdravi.<br>V vrtcu vsak dan u\u017eivamo sadje, telovadimo, pijemo vodo, po\u010divamo,&#8230; Ta dan pa smo si pripravili prav posebno sadno solato iz jabolk, hru\u0161k, banan, grozdja in pomaran\u010d.<br>Otroci so z veseljem rezali, sekljali,&#8230; Seveda smo stepli tudi smetano.<\/p>\n\n\n\n<p>Izjave otrok:<br>\u00bbNjami, njami,&#8230;naredili smo najbolj\u0161o sadno solato.\u00ab<br>\u00bbTo je najbolj\u0161a kupa na svetu!\u00ab<br>\u00bbJa, se re\u010de sadna kupa!\u00ab<br>\u00bbSem tako rezala, glej cik, cik, cik,&#8230;\u00ab<br>\u00bbJaz sem pojedu dve \u0161alci!\u00ab<br>\u00bbTako dobra je, prosim \u0161e.\u00ab<br>\u00bbZdaj bomo zdravi, ku smo jedli to sadje.\u00ab<br>\u00bbJe rekla medicinska sestra, da se je treba umivat. Da moramo jest sadje in zelenjavo.\u00ab<br>\u00bbIn taku malo gledat televizijo. Prou mi\u010dkeno.\u00ab<br>\u00bbNobena lu\u010dka ne sme svetit pono\u010di.\u00ab<br>\u00bbKu pole nam delajo mo\u017egani taku, blk, blk, blk,&#8230;narobe.\u00ab<br>\u00bbJe rekla tudi, da moramo spat u svoji postelji.\u00ab<br>\u00bbKdaj bomo \u0161e rezali sadje? Bomo jutri?\u00ab<\/p>\n\n\n\n<p>Naj vam otroci pripravijo sadno solato tudi doma. <\/p>\n\n\n\n<p>Besedilo: Maja Anderli\u010d Mo\u017ee<\/p>\n\n\n\n<p>Fotografije: Maja Anderli\u010d Mo\u017ee<br><\/p>\n\n\n\n<div class=\"wp-block-buttons is-layout-flex wp-block-buttons-is-layout-flex\">\n<div class=\"wp-block-button\"><a class=\"wp-block-button__link wp-element-button\" href=\"https:\/\/vrtec-sezana.si\/?page_id=10955\">GALERIJA<\/a><\/div>\n<\/div>\n","protected":false},"excerpt":{"rendered":"<p>V skupini dinozavri se veliko&nbsp; pogovarjamo o zdravem na\u010dinu \u017eivljenja. Ugotovili smo, da se je za zdravje potrebno potruditi. Vsak dan je potrebno jesti zdravo prehrano, se gibati na sve\u017eem zraku, popiti veliko vode, skrbeti za varnost in dovolj spati. V marcu&#8230;<\/p>\n","protected":false},"author":23,"featured_media":10971,"comment_status":"closed","ping_status":"closed","sticky":false,"template":"","format":"standard","meta":{"footnotes":""},"categories":[13],"tags":[],"jetpack_featured_media_url":"https:\/\/vrtec-sezana.si\/wp-content\/uploads\/2024\/04\/000-3-scaled.jpg","_links":{"self":[{"href":"https:\/\/vrtec-sezana.si\/index.php?rest_route=\/wp\/v2\/posts\/10973"}],"collection":[{"href":"https:\/\/vrtec-sezana.si\/index.php?rest_route=\/wp\/v2\/posts"}],"about":[{"href":"https:\/\/vrtec-sezana.si\/index.php?rest_route=\/wp\/v2\/types\/post"}],"author":[{"embeddable":true,"href":"https:\/\/vrtec-sezana.si\/index.php?rest_route=\/wp\/v2\/users\/23"}],"replies":[{"embeddable":true,"href":"https:\/\/vrtec-sezana.si\/index.php?rest_route=%2Fwp%2Fv2%2Fcomments&post=10973"}],"version-history":[{"count":2,"href":"https:\/\/vrtec-sezana.si\/index.php?rest_route=\/wp\/v2\/posts\/10973\/revisions"}],"predecessor-version":[{"id":10975,"href":"https:\/\/vrtec-sezana.si\/index.php?rest_route=\/wp\/v2\/posts\/10973\/revisions\/10975"}],"wp:featuredmedia":[{"embeddable":true,"href":"https:\/\/vrtec-sezana.si\/index.php?rest_route=\/wp\/v2\/media\/10971"}],"wp:attachment":[{"href":"https:\/\/vrtec-sezana.si\/index.php?rest_route=%2Fwp%2Fv2%2Fmedia&parent=10973"}],"wp:term":[{"taxonomy":"category","embeddable":true,"href":"https:\/\/vrtec-sezana.si\/index.php?rest_route=%2Fwp%2Fv2%2Fcategories&post=10973"},{"taxonomy":"post_tag","embeddable":true,"href":"https:\/\/vrtec-sezana.si\/index.php?rest_route=%2Fwp%2Fv2%2Ftags&post=10973"}],"curies":[{"name":"wp","href":"https:\/\/api.w.org\/{rel}","templated":true}]}}