{"id":10905,"date":"2024-04-16T18:50:43","date_gmt":"2024-04-16T17:50:43","guid":{"rendered":"https:\/\/vrtec-sezana.si\/?p=10905"},"modified":"2024-04-16T18:50:44","modified_gmt":"2024-04-16T17:50:44","slug":"mali-ekologi-skupina-mravljice","status":"publish","type":"post","link":"https:\/\/vrtec-sezana.si\/?p=10905","title":{"rendered":"Mali ekologi (skupina Mravljice)"},"content":{"rendered":"\n<p>Odgovorno ravnanje z odpadki je eden klju\u010dnih dejavnikov varovanja in ohranjanja okolja. Cilj, ki ga zasledujemo pri ravnanju z odpadki je zmanj\u0161evanje koli\u010din odlo\u017eenih odpadkov in pove\u010danje dele\u017ea njihove ponovne uporabe oziroma recikliranja.<\/p>\n\n\n\n<p>V preteklih dneh smo se v skupini Mravljice \u0161e bolj poglobljeno pogovarjali o ekologiji. Preko razli\u010dnih dejavnosti smo se nau\u010dili, da je potrebno odpadke lo\u010devati in jih pravilno odlagati v zabojnike. Da bomo lahko pravilno lo\u010devali, smo si izdelali prave zabojnike za smeti. Igrali smo se razli\u010dne gibalno \u2013 didakti\u010dne igre, veliko smo se igrali z odpadnim materialom in z njim tudi ustvarjali. Obiskali smo ekolo\u0161ki otrok in zbirni center odpadkov na Kozini. Odpravili smo se tudi na \u010distilno akcijo in o\u010distili okolico vrtca.<\/p>\n\n\n\n<p>Da pa smo na\u0161e znanje \u0161e bolj poglobili so nas obiskali zaposleni iz Komunale Se\u017eana. Ob fotografijah smo se pogovarjali o varovanju na\u0161ega okolja, s kamionom smo razvr\u0161\u010dali smeti v pravilne zabojnike, na koncu pa smo si ogledali smetarski kamion in praznjenje smetnjakov.<\/p>\n\n\n\n<p>\u0160e naprej se bomo trudili, da bo na\u0161e okolje ostalo \u010disto in prijetno za bivanje.<\/p>\n\n\n\n<p>Besedilo: Jerca Dakskobler<\/p>\n\n\n\n<p>Fotografije: Jerca Dakskobler<\/p>\n\n\n\n<p><\/p>\n\n\n\n<div class=\"wp-block-buttons is-layout-flex wp-block-buttons-is-layout-flex\">\n<div class=\"wp-block-button\"><a class=\"wp-block-button__link wp-element-button\" href=\"https:\/\/vrtec-sezana.si\/?page_id=10882\">GALERIJA<\/a><\/div>\n<\/div>\n","protected":false},"excerpt":{"rendered":"<p>Odgovorno ravnanje z odpadki je eden klju\u010dnih dejavnikov varovanja in ohranjanja okolja. Cilj, ki ga zasledujemo pri ravnanju z odpadki je zmanj\u0161evanje koli\u010din odlo\u017eenih odpadkov in pove\u010danje dele\u017ea njihove ponovne uporabe oziroma recikliranja. V preteklih dneh smo se v skupini Mravljice \u0161e&#8230;<\/p>\n","protected":false},"author":10,"featured_media":10906,"comment_status":"closed","ping_status":"closed","sticky":false,"template":"","format":"standard","meta":{"footnotes":""},"categories":[10],"tags":[],"jetpack_featured_media_url":"https:\/\/vrtec-sezana.si\/wp-content\/uploads\/2024\/04\/ekologija-2.png","_links":{"self":[{"href":"https:\/\/vrtec-sezana.si\/index.php?rest_route=\/wp\/v2\/posts\/10905"}],"collection":[{"href":"https:\/\/vrtec-sezana.si\/index.php?rest_route=\/wp\/v2\/posts"}],"about":[{"href":"https:\/\/vrtec-sezana.si\/index.php?rest_route=\/wp\/v2\/types\/post"}],"author":[{"embeddable":true,"href":"https:\/\/vrtec-sezana.si\/index.php?rest_route=\/wp\/v2\/users\/10"}],"replies":[{"embeddable":true,"href":"https:\/\/vrtec-sezana.si\/index.php?rest_route=%2Fwp%2Fv2%2Fcomments&post=10905"}],"version-history":[{"count":1,"href":"https:\/\/vrtec-sezana.si\/index.php?rest_route=\/wp\/v2\/posts\/10905\/revisions"}],"predecessor-version":[{"id":10907,"href":"https:\/\/vrtec-sezana.si\/index.php?rest_route=\/wp\/v2\/posts\/10905\/revisions\/10907"}],"wp:featuredmedia":[{"embeddable":true,"href":"https:\/\/vrtec-sezana.si\/index.php?rest_route=\/wp\/v2\/media\/10906"}],"wp:attachment":[{"href":"https:\/\/vrtec-sezana.si\/index.php?rest_route=%2Fwp%2Fv2%2Fmedia&parent=10905"}],"wp:term":[{"taxonomy":"category","embeddable":true,"href":"https:\/\/vrtec-sezana.si\/index.php?rest_route=%2Fwp%2Fv2%2Fcategories&post=10905"},{"taxonomy":"post_tag","embeddable":true,"href":"https:\/\/vrtec-sezana.si\/index.php?rest_route=%2Fwp%2Fv2%2Ftags&post=10905"}],"curies":[{"name":"wp","href":"https:\/\/api.w.org\/{rel}","templated":true}]}}