{"id":10853,"date":"2024-04-16T17:54:20","date_gmt":"2024-04-16T16:54:20","guid":{"rendered":"https:\/\/vrtec-sezana.si\/?p=10853"},"modified":"2024-04-16T17:54:20","modified_gmt":"2024-04-16T16:54:20","slug":"fit-dan-v-vrtcu-hrpelje","status":"publish","type":"post","link":"https:\/\/vrtec-sezana.si\/?p=10853","title":{"rendered":"FIT dan v vrtcu Hrpelje"},"content":{"rendered":"\n<p>FIT dan smo izvedli v tednu od 8.4. do 12.4.24. Na\u010drtovali smo ga v povezavi s prednostno nalogo vrtca, ki je letos bralna pismenost in pa osrednjo temo Fit-a, gibalni izzivi na prostem.<\/p>\n\n\n\n<p>Sodelovali so vsi oddelki in vzgojiteljice smo otrokom pripravile starosti primerne vsebine. Z uporabo fit aktivnih metod, fit didakti\u010dnih gibalnih iger in rajalnih iger, smo otroke motivirale za u\u010denje v gibanju. Saj je ravno igra naju\u010dinkovitej\u0161a metoda u\u010denja, ker otroke vabi v aktivno raziskovanje lastnih gibalnih in drugih zmo\u017enosti. Otrokom pa zagotavlja veselje, radost, ustvarjalnost, ob\u010dutek zabave in lastne vklju\u010denosti.<\/p>\n\n\n\n<p>Mlaj\u0161i otroci so dejavnosti izvedli na vrt\u010devskem igri\u0161\u010du, za starej\u0161e otroke pa smo pripravile razli\u010dne postaje v gozdu in na prostem v okolici vrtca.<\/p>\n\n\n\n<p>Pre\u017eiveli smo zanimiv in lep dan. Preko gibanja na prostem pa smo poskrbeli tudi za na\u0161e zdravje in tako obele\u017eili svetovni dan zdravja, 7.4.2024.<\/p>\n\n\n\n<p>Besedilo: Martina Hrvatin<\/p>\n\n\n\n<p>Fotografije: Arhiv enote<\/p>\n\n\n\n<p><\/p>\n\n\n\n<div class=\"wp-block-buttons is-layout-flex wp-block-buttons-is-layout-flex\">\n<div class=\"wp-block-button\"><a class=\"wp-block-button__link wp-element-button\" href=\"https:\/\/vrtec-sezana.si\/?page_id=10832\">GALERIJA<\/a><\/div>\n<\/div>\n","protected":false},"excerpt":{"rendered":"<p>FIT dan smo izvedli v tednu od 8.4. do 12.4.24. Na\u010drtovali smo ga v povezavi s prednostno nalogo vrtca, ki je letos bralna pismenost in pa osrednjo temo Fit-a, gibalni izzivi na prostem. Sodelovali so vsi oddelki in vzgojiteljice smo otrokom pripravile&#8230;<\/p>\n","protected":false},"author":10,"featured_media":10854,"comment_status":"closed","ping_status":"closed","sticky":false,"template":"","format":"standard","meta":{"footnotes":""},"categories":[10],"tags":[],"jetpack_featured_media_url":"https:\/\/vrtec-sezana.si\/wp-content\/uploads\/2024\/04\/FIT.jpg","_links":{"self":[{"href":"https:\/\/vrtec-sezana.si\/index.php?rest_route=\/wp\/v2\/posts\/10853"}],"collection":[{"href":"https:\/\/vrtec-sezana.si\/index.php?rest_route=\/wp\/v2\/posts"}],"about":[{"href":"https:\/\/vrtec-sezana.si\/index.php?rest_route=\/wp\/v2\/types\/post"}],"author":[{"embeddable":true,"href":"https:\/\/vrtec-sezana.si\/index.php?rest_route=\/wp\/v2\/users\/10"}],"replies":[{"embeddable":true,"href":"https:\/\/vrtec-sezana.si\/index.php?rest_route=%2Fwp%2Fv2%2Fcomments&post=10853"}],"version-history":[{"count":1,"href":"https:\/\/vrtec-sezana.si\/index.php?rest_route=\/wp\/v2\/posts\/10853\/revisions"}],"predecessor-version":[{"id":10855,"href":"https:\/\/vrtec-sezana.si\/index.php?rest_route=\/wp\/v2\/posts\/10853\/revisions\/10855"}],"wp:featuredmedia":[{"embeddable":true,"href":"https:\/\/vrtec-sezana.si\/index.php?rest_route=\/wp\/v2\/media\/10854"}],"wp:attachment":[{"href":"https:\/\/vrtec-sezana.si\/index.php?rest_route=%2Fwp%2Fv2%2Fmedia&parent=10853"}],"wp:term":[{"taxonomy":"category","embeddable":true,"href":"https:\/\/vrtec-sezana.si\/index.php?rest_route=%2Fwp%2Fv2%2Fcategories&post=10853"},{"taxonomy":"post_tag","embeddable":true,"href":"https:\/\/vrtec-sezana.si\/index.php?rest_route=%2Fwp%2Fv2%2Ftags&post=10853"}],"curies":[{"name":"wp","href":"https:\/\/api.w.org\/{rel}","templated":true}]}}