{"id":1081,"date":"2024-01-04T14:34:53","date_gmt":"2024-01-04T13:34:53","guid":{"rendered":"http:\/\/977.ablak.arnes.si\/?p=1081"},"modified":"2024-02-19T13:54:47","modified_gmt":"2024-02-19T12:54:47","slug":"veseli-december-v-skupini-muce-2","status":"publish","type":"post","link":"https:\/\/vrtec-sezana.si\/?p=1081","title":{"rendered":"VESELI DECEMBER V SKUPINI MUCE"},"content":{"rendered":"\n<p>December je bil poln veselja, ustvarjalnosti in prazni\u010dnega navdu\u0161enja. Zvrstile so se razne decembrske dejavnosti:<\/p>\n\n\n\n<ul>\n<li>Krasitev novoletne jelke: Otroci so skupaj s star\u0161i ustvarili prav posebne okraske doma. Rada bi pohvalila vsakega posebej, saj so nastali unikatni izdelki. Na\u0161a jelka je bila okra\u0161ena s pisanimi kroglicami, ble\u0161\u010de\u010dimi zvezdami, ro\u010dno izdelanimi papirnatimi sne\u017eaki in drugimi unikatnimi okraski. Vsak okrasek je nosil prav posebno zgodbo in je bil poln otro\u0161ke domi\u0161ljije. Otroci so bili ponosni na svoje stvaritve, ko so krasili jelko, ki je postala pravo pravlji\u010dno drevo v sredi\u0161\u010du na\u0161ega vrtca. Vsi, ki so vstopali v nap vrtec so u\u017eivali v pogledu na jelko, ki je sijala od veselja.<\/li>\n\n\n\n<li>Obisk dedka Mraza: Eden najbolj pri\u010dakovanih trenutkov meseca decembra je bil obisk dedka Mraza. Otroci so ga sprejeli z navdu\u0161enjem in mu tudi zapeli pesem. Dedek Mraz je otroke obdaril z novimi igra\u010dami za skupino, ki so nas \u010dakale po jelko. Igra\u010d so otroci bili zelo veseli, sledila je igra z njimi. V o\u010deh otrok se je zrcalila radost in \u010darobnost prazni\u010dnega \u010dasa.<\/li>\n\n\n\n<li>Obisk Babice Zime in Sejanje dobrih del: Nepri\u010dakovano nas je obiskala tudi Babica Zima, spremljana s prikupnim pti\u010dkom. S seboj sta prinesla vre\u010dko semen za ptice, ki jih bomo hranili \u010dez zimo. Sejanje semena za ptice nas bo nau\u010dilo o pomembnosti skrbi za naravo in \u017eivali, tudi v hladnej\u0161ih dneh.<\/li>\n\n\n\n<li>Prazni\u010dna Glasba in Ples: Cel december smo posve\u010dali prazni\u010dni glasbi. Otroci so poslu\u0161ali prazni\u010dne pesmi, pela so se vesela bo\u017ei\u010dna besedila, in seveda, ni manjkalo niti plesa. Prazni\u010dna glasba je ustvarila \u010darobno vzdu\u0161je, ki je razveseljevalo tako otroke kot vzgojitelje.<\/li>\n\n\n\n<li>Dru\u017eenje z Drugimi Skupinami in Skupinski Dogodki: December nas je povezal \u0161e bolj. Otroci so se dru\u017eili z vrstniki iz drugih skupin, izmenjevali vtise in se u\u010dili drug od drugega. Skupinski dogodki, kot so ogled risank, organizacija novoletnega bazarja in skupno ustvarjanje, so pripomogli k razvoju skupnosti in medsebojnih vezi.<\/li>\n\n\n\n<li>Igra z novimi igra\u010dami in Ustvarjanje: Igra z novimi igra\u010dami so prina\u0161ale radost in smeh, ustvarjanje novoletnih \u010destitk in izdelkov pa je otroke navdihnilo k izra\u017eanju svoje ustvarjalnosti.<\/li>\n\n\n\n<li>Novoletni bazar je bil odli\u010dna prilo\u017enost za sre\u010danje s star\u0161i, kjer smo strokovni delavci za otroke izvedli prirejeno gledali\u0161ko predstavo Pekarna Mi\u0161 Ma\u0161. Ob koncu so oku\u0161ali prazni\u010dne dobrote in si izmenjali novoletne \u017eelje. Odzivi so bili odli\u010dni, ob tej prilo\u017enosti se star\u0161em zahvaljujem za obisk in prispevke.<\/li>\n<\/ul>\n\n\n\n<p>December je bil v na\u0161i skupini \u010daroben \u010das, poln nepozabnih trenutkov in prilo\u017enosti za u\u010denje ter rast. Otroci so pridobili nove izku\u0161nje, star\u0161i so bili del teh posebnih trenutkov, vzgojitelji pa so opazovali otro\u0161ko radovednost in veselje do prazni\u010dnega vzdu\u0161ja. Skupaj smo ustvarili nepozaben december, ki bo ostal vtisnjen v na\u0161ih spominih \u0161e dolgo \u010dasa.<\/p>\n\n\n\n<p>Besedilo: Lela Smiljani\u0107<\/p>\n\n\n\n<p>Fotografije: Sa\u0161a Tera\u017e<\/p>\n\n\n\n<div class=\"wp-block-buttons is-layout-flex wp-block-buttons-is-layout-flex\">\n<div class=\"wp-block-button\"><a class=\"wp-block-button__link wp-element-button\" href=\"https:\/\/vrtec-sezana.si\/?page_id=2468\">GALERIJA<\/a><\/div>\n<\/div>\n","protected":false},"excerpt":{"rendered":"<p>December je bil poln veselja, ustvarjalnosti in prazni\u010dnega navdu\u0161enja. Zvrstile so se razne decembrske dejavnosti: December je bil v na\u0161i skupini \u010daroben \u010das, poln nepozabnih trenutkov in prilo\u017enosti za u\u010denje ter rast. Otroci so pridobili nove izku\u0161nje, star\u0161i so bili del teh&#8230;<\/p>\n","protected":false},"author":1,"featured_media":169,"comment_status":"closed","ping_status":"closed","sticky":false,"template":"","format":"standard","meta":{"footnotes":""},"categories":[6],"tags":[],"jetpack_featured_media_url":"https:\/\/vrtec-sezana.si\/wp-content\/uploads\/2023\/11\/OpisLehte.jpg","_links":{"self":[{"href":"https:\/\/vrtec-sezana.si\/index.php?rest_route=\/wp\/v2\/posts\/1081"}],"collection":[{"href":"https:\/\/vrtec-sezana.si\/index.php?rest_route=\/wp\/v2\/posts"}],"about":[{"href":"https:\/\/vrtec-sezana.si\/index.php?rest_route=\/wp\/v2\/types\/post"}],"author":[{"embeddable":true,"href":"https:\/\/vrtec-sezana.si\/index.php?rest_route=\/wp\/v2\/users\/1"}],"replies":[{"embeddable":true,"href":"https:\/\/vrtec-sezana.si\/index.php?rest_route=%2Fwp%2Fv2%2Fcomments&post=1081"}],"version-history":[{"count":3,"href":"https:\/\/vrtec-sezana.si\/index.php?rest_route=\/wp\/v2\/posts\/1081\/revisions"}],"predecessor-version":[{"id":7030,"href":"https:\/\/vrtec-sezana.si\/index.php?rest_route=\/wp\/v2\/posts\/1081\/revisions\/7030"}],"wp:featuredmedia":[{"embeddable":true,"href":"https:\/\/vrtec-sezana.si\/index.php?rest_route=\/wp\/v2\/media\/169"}],"wp:attachment":[{"href":"https:\/\/vrtec-sezana.si\/index.php?rest_route=%2Fwp%2Fv2%2Fmedia&parent=1081"}],"wp:term":[{"taxonomy":"category","embeddable":true,"href":"https:\/\/vrtec-sezana.si\/index.php?rest_route=%2Fwp%2Fv2%2Fcategories&post=1081"},{"taxonomy":"post_tag","embeddable":true,"href":"https:\/\/vrtec-sezana.si\/index.php?rest_route=%2Fwp%2Fv2%2Ftags&post=1081"}],"curies":[{"name":"wp","href":"https:\/\/api.w.org\/{rel}","templated":true}]}}