{"id":1073,"date":"2023-10-11T14:25:00","date_gmt":"2023-10-11T13:25:00","guid":{"rendered":"http:\/\/977.ablak.arnes.si\/?p=1073"},"modified":"2024-02-19T14:58:25","modified_gmt":"2024-02-19T13:58:25","slug":"jesenski-piknik","status":"publish","type":"post","link":"https:\/\/vrtec-sezana.si\/?p=1073","title":{"rendered":"JESENSKI PIKNIK"},"content":{"rendered":"\n<p>Kot nam je v Seno\u017ee\u010dah \u017ee pri\u0161lo v navado, jesen pozdravimo z jesenskim piknikom.<br>Tudi letos smo se po malici vsi zbrali na na\u0161em lepem igri\u0161\u010du. Med gibanjem, igro in plesom je \u010das hitro minil. Med vrve\u017eem nas je ves \u010das spremljal vonj slastnega krompir\u010dka, v kuhinji pa sta nam kuharici pripravli pe\u010dene hrenovke.<\/p>\n\n\n\n<p>Za kosilo smo ta dan imeli piknik na terasi. Od krompir\u010dka in hrenovk pa ni ostalo ni\u010d.<\/p>\n\n\n\n<p>Besedilo: Mateja Marolt<\/p>\n\n\n\n<p>Fotografije: Arhiv enote Seno\u017ee\u010de<\/p>\n\n\n\n<div class=\"wp-block-buttons is-layout-flex wp-block-buttons-is-layout-flex\">\n<div class=\"wp-block-button\"><a class=\"wp-block-button__link wp-element-button\" href=\"https:\/\/vrtec-sezana.si\/?page_id=3908\">GALERIJA<\/a><\/div>\n<\/div>\n","protected":false},"excerpt":{"rendered":"<p>Kot nam je v Seno\u017ee\u010dah \u017ee pri\u0161lo v navado, jesen pozdravimo z jesenskim piknikom.Tudi letos smo se po malici vsi zbrali na na\u0161em lepem igri\u0161\u010du. Med gibanjem, igro in plesom je \u010das hitro minil. Med vrve\u017eem nas je ves \u010das spremljal vonj&#8230;<\/p>\n","protected":false},"author":1,"featured_media":421,"comment_status":"closed","ping_status":"closed","sticky":false,"template":"","format":"standard","meta":{"footnotes":""},"categories":[14],"tags":[],"jetpack_featured_media_url":"https:\/\/vrtec-sezana.si\/wp-content\/uploads\/2023\/11\/senozece_e.png","_links":{"self":[{"href":"https:\/\/vrtec-sezana.si\/index.php?rest_route=\/wp\/v2\/posts\/1073"}],"collection":[{"href":"https:\/\/vrtec-sezana.si\/index.php?rest_route=\/wp\/v2\/posts"}],"about":[{"href":"https:\/\/vrtec-sezana.si\/index.php?rest_route=\/wp\/v2\/types\/post"}],"author":[{"embeddable":true,"href":"https:\/\/vrtec-sezana.si\/index.php?rest_route=\/wp\/v2\/users\/1"}],"replies":[{"embeddable":true,"href":"https:\/\/vrtec-sezana.si\/index.php?rest_route=%2Fwp%2Fv2%2Fcomments&post=1073"}],"version-history":[{"count":3,"href":"https:\/\/vrtec-sezana.si\/index.php?rest_route=\/wp\/v2\/posts\/1073\/revisions"}],"predecessor-version":[{"id":7163,"href":"https:\/\/vrtec-sezana.si\/index.php?rest_route=\/wp\/v2\/posts\/1073\/revisions\/7163"}],"wp:featuredmedia":[{"embeddable":true,"href":"https:\/\/vrtec-sezana.si\/index.php?rest_route=\/wp\/v2\/media\/421"}],"wp:attachment":[{"href":"https:\/\/vrtec-sezana.si\/index.php?rest_route=%2Fwp%2Fv2%2Fmedia&parent=1073"}],"wp:term":[{"taxonomy":"category","embeddable":true,"href":"https:\/\/vrtec-sezana.si\/index.php?rest_route=%2Fwp%2Fv2%2Fcategories&post=1073"},{"taxonomy":"post_tag","embeddable":true,"href":"https:\/\/vrtec-sezana.si\/index.php?rest_route=%2Fwp%2Fv2%2Ftags&post=1073"}],"curies":[{"name":"wp","href":"https:\/\/api.w.org\/{rel}","templated":true}]}}