{"id":1071,"date":"2023-10-17T14:24:00","date_gmt":"2023-10-17T13:24:00","guid":{"rendered":"http:\/\/977.ablak.arnes.si\/?p=1071"},"modified":"2024-02-19T14:53:13","modified_gmt":"2024-02-19T13:53:13","slug":"teden-otroka-sportni-dopoldan","status":"publish","type":"post","link":"https:\/\/vrtec-sezana.si\/?p=1071","title":{"rendered":"TEDEN OTROKA \u2013 \u0160PORTNI DOPOLDAN"},"content":{"rendered":"\n<p>V Seno\u017ee\u010dah teden otroka \u017ee tradicionalno razpotegnemo \u010dez ves mesec oktober. Tudi letos smo za vse otroke v enoti&nbsp; pripravile pester nabor aktivnosti. Najprej smo organizirali \u0161portni dopoldan. Za otroke smo pripravile gibalni poligon v dvorani Rudolfa cvetka, vadbo po postajah na vrt\u010devskem igri\u0161\u010du, ter kolesarski poligon na \u0161olskem igri\u0161\u010du. Vse tri skupine otrok so prehajale med dejavnostmi. kako zelo so bili ta dan aktivni otroci iz skupine Gumbki, si lahko pogledate v spodnji galeriji.<\/p>\n\n\n\n<p>Dejavnosti v sklopu tedna otroka so se nadaljevale z lutkovno predstavo Razbita bu\u010da. \u010caka pa nas \u0161e teden eksperimentov in peka jabol\u010dnega peciva.<\/p>\n\n\n\n<p>Besedilo: Mateja Marolt<br>Fotografije: Mateja Marolt<\/p>\n\n\n\n<div class=\"wp-block-buttons is-layout-flex wp-block-buttons-is-layout-flex\">\n<div class=\"wp-block-button\"><a class=\"wp-block-button__link wp-element-button\" href=\"https:\/\/vrtec-sezana.si\/?page_id=3887\">GALERIJA<\/a><\/div>\n<\/div>\n","protected":false},"excerpt":{"rendered":"<p>V Seno\u017ee\u010dah teden otroka \u017ee tradicionalno razpotegnemo \u010dez ves mesec oktober. Tudi letos smo za vse otroke v enoti&nbsp; pripravile pester nabor aktivnosti. Najprej smo organizirali \u0161portni dopoldan. Za otroke smo pripravile gibalni poligon v dvorani Rudolfa cvetka, vadbo po postajah na&#8230;<\/p>\n","protected":false},"author":1,"featured_media":421,"comment_status":"closed","ping_status":"closed","sticky":false,"template":"","format":"standard","meta":{"footnotes":""},"categories":[14],"tags":[],"jetpack_featured_media_url":"https:\/\/vrtec-sezana.si\/wp-content\/uploads\/2023\/11\/senozece_e.png","_links":{"self":[{"href":"https:\/\/vrtec-sezana.si\/index.php?rest_route=\/wp\/v2\/posts\/1071"}],"collection":[{"href":"https:\/\/vrtec-sezana.si\/index.php?rest_route=\/wp\/v2\/posts"}],"about":[{"href":"https:\/\/vrtec-sezana.si\/index.php?rest_route=\/wp\/v2\/types\/post"}],"author":[{"embeddable":true,"href":"https:\/\/vrtec-sezana.si\/index.php?rest_route=\/wp\/v2\/users\/1"}],"replies":[{"embeddable":true,"href":"https:\/\/vrtec-sezana.si\/index.php?rest_route=%2Fwp%2Fv2%2Fcomments&post=1071"}],"version-history":[{"count":3,"href":"https:\/\/vrtec-sezana.si\/index.php?rest_route=\/wp\/v2\/posts\/1071\/revisions"}],"predecessor-version":[{"id":7144,"href":"https:\/\/vrtec-sezana.si\/index.php?rest_route=\/wp\/v2\/posts\/1071\/revisions\/7144"}],"wp:featuredmedia":[{"embeddable":true,"href":"https:\/\/vrtec-sezana.si\/index.php?rest_route=\/wp\/v2\/media\/421"}],"wp:attachment":[{"href":"https:\/\/vrtec-sezana.si\/index.php?rest_route=%2Fwp%2Fv2%2Fmedia&parent=1071"}],"wp:term":[{"taxonomy":"category","embeddable":true,"href":"https:\/\/vrtec-sezana.si\/index.php?rest_route=%2Fwp%2Fv2%2Fcategories&post=1071"},{"taxonomy":"post_tag","embeddable":true,"href":"https:\/\/vrtec-sezana.si\/index.php?rest_route=%2Fwp%2Fv2%2Ftags&post=1071"}],"curies":[{"name":"wp","href":"https:\/\/api.w.org\/{rel}","templated":true}]}}