{"id":1069,"date":"2023-10-17T14:23:00","date_gmt":"2023-10-17T13:23:00","guid":{"rendered":"http:\/\/977.ablak.arnes.si\/?p=1069"},"modified":"2024-02-19T14:53:30","modified_gmt":"2024-02-19T13:53:30","slug":"kar-dve-predstavi","status":"publish","type":"post","link":"https:\/\/vrtec-sezana.si\/?p=1069","title":{"rendered":"KAR DVE PREDSTAVI"},"content":{"rendered":"\n<p>Poznate zgodbo o razbiti bu\u010di?<br>Nekega dne mi\u0161ka najde na polju bu\u010do in si jo izbere za svoje domovanje. Mi\u0161ko nato obi\u0161\u010dejo razli\u010dne \u017eivali, ki bi \u017eelele stanovati pri njej, vendar nobena ni primeren sostanovalec za mi\u0161ko. Zgodba se odvijva v razli\u010dnih delih dneva, vse dokler do bu\u010de ne pride zaj\u010dek. Temu je bu\u010da tako zelo v\u0161e\u010d, da jo \u017eeli odnesti domov. Ob prena\u0161anju bu\u010de se zaj\u010dek ustra\u0161i mi\u0161ke in bu\u010do spusti. Bu\u010da se razleti na tiso\u010d majhnih ko\u0161\u010dkov in tako mi\u0161ka ostane brez svojega imenitnega stanovanja.&nbsp;<\/p>\n\n\n\n<p>V Seno\u017ee\u010dah smo tej ruski ljudski pripovedki prisluhnili kar dvakrat. Nadja nam je Zgodbo o razbiti bu\u010di najprej zaigrala z ro\u010dnimi lutkami, \u010dez nekaj dni pa \u0161e v sen\u010dnem gledali\u0161\u010du.&nbsp;<\/p>\n\n\n\n<p>Zgodba nas je tako navdu\u0161ila, da smo se v spretnostih z lutkami preizkusili tudi sami.&nbsp;<\/p>\n\n\n\n<p>Besedilo: Mateja Marolt<\/p>\n\n\n\n<p>Fotografije: Mateja Marolt<\/p>\n\n\n\n<div class=\"wp-block-buttons is-layout-flex wp-block-buttons-is-layout-flex\">\n<div class=\"wp-block-button\"><a class=\"wp-block-button__link wp-element-button\" href=\"https:\/\/vrtec-sezana.si\/?page_id=3875\">GALERIJA<\/a><\/div>\n<\/div>\n","protected":false},"excerpt":{"rendered":"<p>Poznate zgodbo o razbiti bu\u010di?Nekega dne mi\u0161ka najde na polju bu\u010do in si jo izbere za svoje domovanje. Mi\u0161ko nato obi\u0161\u010dejo razli\u010dne \u017eivali, ki bi \u017eelele stanovati pri njej, vendar nobena ni primeren sostanovalec za mi\u0161ko. Zgodba se odvijva v razli\u010dnih delih&#8230;<\/p>\n","protected":false},"author":1,"featured_media":421,"comment_status":"closed","ping_status":"closed","sticky":false,"template":"","format":"standard","meta":{"footnotes":""},"categories":[14],"tags":[],"jetpack_featured_media_url":"https:\/\/vrtec-sezana.si\/wp-content\/uploads\/2023\/11\/senozece_e.png","_links":{"self":[{"href":"https:\/\/vrtec-sezana.si\/index.php?rest_route=\/wp\/v2\/posts\/1069"}],"collection":[{"href":"https:\/\/vrtec-sezana.si\/index.php?rest_route=\/wp\/v2\/posts"}],"about":[{"href":"https:\/\/vrtec-sezana.si\/index.php?rest_route=\/wp\/v2\/types\/post"}],"author":[{"embeddable":true,"href":"https:\/\/vrtec-sezana.si\/index.php?rest_route=\/wp\/v2\/users\/1"}],"replies":[{"embeddable":true,"href":"https:\/\/vrtec-sezana.si\/index.php?rest_route=%2Fwp%2Fv2%2Fcomments&post=1069"}],"version-history":[{"count":3,"href":"https:\/\/vrtec-sezana.si\/index.php?rest_route=\/wp\/v2\/posts\/1069\/revisions"}],"predecessor-version":[{"id":7145,"href":"https:\/\/vrtec-sezana.si\/index.php?rest_route=\/wp\/v2\/posts\/1069\/revisions\/7145"}],"wp:featuredmedia":[{"embeddable":true,"href":"https:\/\/vrtec-sezana.si\/index.php?rest_route=\/wp\/v2\/media\/421"}],"wp:attachment":[{"href":"https:\/\/vrtec-sezana.si\/index.php?rest_route=%2Fwp%2Fv2%2Fmedia&parent=1069"}],"wp:term":[{"taxonomy":"category","embeddable":true,"href":"https:\/\/vrtec-sezana.si\/index.php?rest_route=%2Fwp%2Fv2%2Fcategories&post=1069"},{"taxonomy":"post_tag","embeddable":true,"href":"https:\/\/vrtec-sezana.si\/index.php?rest_route=%2Fwp%2Fv2%2Ftags&post=1069"}],"curies":[{"name":"wp","href":"https:\/\/api.w.org\/{rel}","templated":true}]}}