{"id":1067,"date":"2023-10-19T14:22:00","date_gmt":"2023-10-19T13:22:00","guid":{"rendered":"http:\/\/977.ablak.arnes.si\/?p=1067"},"modified":"2024-02-19T14:50:27","modified_gmt":"2024-02-19T13:50:27","slug":"zgodba-o-razbiti-buci","status":"publish","type":"post","link":"https:\/\/vrtec-sezana.si\/?p=1067","title":{"rendered":"ZGODBA O RAZBITI BU\u010cI"},"content":{"rendered":"\n<p>Kot ste si lahko \u017ee v prej\u0161njem \u010dlanku ogledali, smo se v skupini gumbki posvetili zgodbi o razbiti bu\u010di.&nbsp;<\/p>\n\n\n\n<p>Otroci so v vrtec prinesli razli\u010dne zanimive in barvite bu\u010de, ki smo jih nato opazovali, razvr\u0161\u010dali in raziskovali. V tem \u010dasu smo veliko ustvarjali. Kako je potekala jesen v skupini Gumbki si lahko pogledate v spodnji galeriji fotografij.&nbsp;<\/p>\n\n\n\n<p>Besedilo: Mateja Marolt<\/p>\n\n\n\n<p>Fotografije: Mateja Marolt<\/p>\n\n\n\n<div class=\"wp-block-buttons is-layout-flex wp-block-buttons-is-layout-flex\">\n<div class=\"wp-block-button\"><a class=\"wp-block-button__link wp-element-button\" href=\"https:\/\/vrtec-sezana.si\/?page_id=3850\">GALERIJA<\/a><\/div>\n<\/div>\n","protected":false},"excerpt":{"rendered":"<p>Kot ste si lahko \u017ee v prej\u0161njem \u010dlanku ogledali, smo se v skupini gumbki posvetili zgodbi o razbiti bu\u010di.&nbsp; Otroci so v vrtec prinesli razli\u010dne zanimive in barvite bu\u010de, ki smo jih nato opazovali, razvr\u0161\u010dali in raziskovali. V tem \u010dasu smo veliko&#8230;<\/p>\n","protected":false},"author":1,"featured_media":421,"comment_status":"closed","ping_status":"closed","sticky":false,"template":"","format":"standard","meta":{"footnotes":""},"categories":[14],"tags":[],"jetpack_featured_media_url":"https:\/\/vrtec-sezana.si\/wp-content\/uploads\/2023\/11\/senozece_e.png","_links":{"self":[{"href":"https:\/\/vrtec-sezana.si\/index.php?rest_route=\/wp\/v2\/posts\/1067"}],"collection":[{"href":"https:\/\/vrtec-sezana.si\/index.php?rest_route=\/wp\/v2\/posts"}],"about":[{"href":"https:\/\/vrtec-sezana.si\/index.php?rest_route=\/wp\/v2\/types\/post"}],"author":[{"embeddable":true,"href":"https:\/\/vrtec-sezana.si\/index.php?rest_route=\/wp\/v2\/users\/1"}],"replies":[{"embeddable":true,"href":"https:\/\/vrtec-sezana.si\/index.php?rest_route=%2Fwp%2Fv2%2Fcomments&post=1067"}],"version-history":[{"count":3,"href":"https:\/\/vrtec-sezana.si\/index.php?rest_route=\/wp\/v2\/posts\/1067\/revisions"}],"predecessor-version":[{"id":7136,"href":"https:\/\/vrtec-sezana.si\/index.php?rest_route=\/wp\/v2\/posts\/1067\/revisions\/7136"}],"wp:featuredmedia":[{"embeddable":true,"href":"https:\/\/vrtec-sezana.si\/index.php?rest_route=\/wp\/v2\/media\/421"}],"wp:attachment":[{"href":"https:\/\/vrtec-sezana.si\/index.php?rest_route=%2Fwp%2Fv2%2Fmedia&parent=1067"}],"wp:term":[{"taxonomy":"category","embeddable":true,"href":"https:\/\/vrtec-sezana.si\/index.php?rest_route=%2Fwp%2Fv2%2Fcategories&post=1067"},{"taxonomy":"post_tag","embeddable":true,"href":"https:\/\/vrtec-sezana.si\/index.php?rest_route=%2Fwp%2Fv2%2Ftags&post=1067"}],"curies":[{"name":"wp","href":"https:\/\/api.w.org\/{rel}","templated":true}]}}