{"id":10581,"date":"2024-04-11T18:19:50","date_gmt":"2024-04-11T17:19:50","guid":{"rendered":"https:\/\/vrtec-sezana.si\/?p=10581"},"modified":"2024-04-11T18:19:50","modified_gmt":"2024-04-11T17:19:50","slug":"pomlad-v-skupini-miske","status":"publish","type":"post","link":"https:\/\/vrtec-sezana.si\/?p=10581","title":{"rendered":"Pomlad v skupini Mi\u0161ke"},"content":{"rendered":"\n<p>V skupini Mi\u0161ke smo opazili prebujanje pomladi v naravi, zato smo se odlo\u010dili opazovati in raziskati spomladanski letni \u010das. Spoznali smo znanilce pomladi: zvon\u010dek, trobentica, vijolica, jetrnik, marjetice in ostale travni\u0161ke ro\u017ee. Veliko \u010dasa smo pre\u017eiveli na prostem, kjer smo opazovali prebujanje pomladi, hodili na sprehode, se igrali ter iskali skrivni zaklad \u0161kratka Jerneja. Ve\u010dkrat smo obiskali tudi bli\u017enji gozd, kjer smo spoznali gozdni bonton, poslu\u0161ali pti\u010dje petje ter opazili kako cvetijo drevesa. Poleg tega pa smo se nau\u010dili tudi nove pomladne pesmi: Pomladna, Trobentica, Vijolica in Kukavica. Likovno smo ustvarjali cveto\u010da drevesa, katera smo prikazali na pomladni razstavi v na\u0161i enoti Diva\u010da. Prav tako pa smo ustvarjali travni\u0161ke ro\u017ee, ki smo jih spoznali.<\/p>\n\n\n\n<p>Se \u017ee veselimo prihajajo\u010dih toplih dni.<\/p>\n\n\n\n<p>Besedilo: Tja\u0161a Zoreti\u010d<\/p>\n\n\n\n<p>Fotografije: Tja\u0161a Zoreti\u010d<\/p>\n\n\n\n<div class=\"wp-block-buttons is-layout-flex wp-block-buttons-is-layout-flex\">\n<div class=\"wp-block-button\"><a class=\"wp-block-button__link wp-element-button\" href=\"https:\/\/vrtec-sezana.si\/?page_id=10557\">GALERIJA<\/a><\/div>\n<\/div>\n","protected":false},"excerpt":{"rendered":"<p>V skupini Mi\u0161ke smo opazili prebujanje pomladi v naravi, zato smo se odlo\u010dili opazovati in raziskati spomladanski letni \u010das. Spoznali smo znanilce pomladi: zvon\u010dek, trobentica, vijolica, jetrnik, marjetice in ostale travni\u0161ke ro\u017ee. Veliko \u010dasa smo pre\u017eiveli na prostem, kjer smo opazovali prebujanje&#8230;<\/p>\n","protected":false},"author":17,"featured_media":10576,"comment_status":"closed","ping_status":"closed","sticky":false,"template":"","format":"standard","meta":{"footnotes":""},"categories":[9],"tags":[],"jetpack_featured_media_url":"https:\/\/vrtec-sezana.si\/wp-content\/uploads\/2024\/04\/IMG_2787-scaled.jpg","_links":{"self":[{"href":"https:\/\/vrtec-sezana.si\/index.php?rest_route=\/wp\/v2\/posts\/10581"}],"collection":[{"href":"https:\/\/vrtec-sezana.si\/index.php?rest_route=\/wp\/v2\/posts"}],"about":[{"href":"https:\/\/vrtec-sezana.si\/index.php?rest_route=\/wp\/v2\/types\/post"}],"author":[{"embeddable":true,"href":"https:\/\/vrtec-sezana.si\/index.php?rest_route=\/wp\/v2\/users\/17"}],"replies":[{"embeddable":true,"href":"https:\/\/vrtec-sezana.si\/index.php?rest_route=%2Fwp%2Fv2%2Fcomments&post=10581"}],"version-history":[{"count":1,"href":"https:\/\/vrtec-sezana.si\/index.php?rest_route=\/wp\/v2\/posts\/10581\/revisions"}],"predecessor-version":[{"id":10582,"href":"https:\/\/vrtec-sezana.si\/index.php?rest_route=\/wp\/v2\/posts\/10581\/revisions\/10582"}],"wp:featuredmedia":[{"embeddable":true,"href":"https:\/\/vrtec-sezana.si\/index.php?rest_route=\/wp\/v2\/media\/10576"}],"wp:attachment":[{"href":"https:\/\/vrtec-sezana.si\/index.php?rest_route=%2Fwp%2Fv2%2Fmedia&parent=10581"}],"wp:term":[{"taxonomy":"category","embeddable":true,"href":"https:\/\/vrtec-sezana.si\/index.php?rest_route=%2Fwp%2Fv2%2Fcategories&post=10581"},{"taxonomy":"post_tag","embeddable":true,"href":"https:\/\/vrtec-sezana.si\/index.php?rest_route=%2Fwp%2Fv2%2Ftags&post=10581"}],"curies":[{"name":"wp","href":"https:\/\/api.w.org\/{rel}","templated":true}]}}