{"id":1055,"date":"2023-12-12T14:13:00","date_gmt":"2023-12-12T13:13:00","guid":{"rendered":"http:\/\/977.ablak.arnes.si\/?p=1055"},"modified":"2024-02-19T14:25:54","modified_gmt":"2024-02-19T13:25:54","slug":"besede-imajo-moc","status":"publish","type":"post","link":"https:\/\/vrtec-sezana.si\/?p=1055","title":{"rendered":"BESEDE IMAJO MO\u010c"},"content":{"rendered":"\n<p>Rde\u010da nit projekta Zdravje v v vrtcu, v katerem sodelujemo \u017ee drugo leto, je letos \u02ddbesede imajo mo\u010d\u02dd.&nbsp;<\/p>\n\n\n\n<p>Te teme smo se v skupini Gumbki lotili v sredini meseca novembra. Najprej smo si ogledali raznolike novoletne vo\u0161\u010dilnice, ki smo jih v enoto prejeli v preteklih letih. Ob pregledovanju in prebiranju vo\u0161\u010dil, smo se pogovarjali o na\u0161ih ob\u010dutkih. Vsi skupaj smo si bili enotni da nam je lepo, ko nam kdo za\u017eeli nekaj lepega.&nbsp;<\/p>\n\n\n\n<p>V nadaljevanju smo se pogovarjali o tem kaj bi mi lahko za\u017eeleli nekomu drugemu. Ker je to zelo abstraktno, smo najprej razmi\u0161ljali o stvareh, ki so nam v\u0161e\u010d. Otroci so na\u0161teli nekaj dogodkov, trenutkov in situacij v katerih so se po\u010dutili prijetno. Skupaj smo pri\u0161li do zaklju\u010dka, da lahko nekomu za\u017eeli\u0161 tisto v \u010demer sam u\u017eiva\u0161.<\/p>\n\n\n\n<p>Otroci so za\u017eeleli:<\/p>\n\n\n\n<ul>\n<li>veliko skupnega le\u017eanja ne veliki postelji<\/li>\n\n\n\n<li>veliko \u017ege\u010dkanja z atom<\/li>\n\n\n\n<li>veliko pohajanja z dru\u017eino<\/li>\n\n\n\n<li>veliko igre<\/li>\n\n\n\n<li>veliko smeha<\/li>\n\n\n\n<li>veliko izletov na morje\u2026<\/li>\n<\/ul>\n\n\n\n<p>Nekateri otroci so se med prebiranjem vo\u0161\u010dilnic spomnili, da smo lani izdelovali vo\u0161\u010dilnice za nonice in nonote (projekt Mala pozornost za veliko veselje). Ob tem sem otroke seznanila, da bomo vo\u0161\u010dila izdelovali tudi letos in skupaj smo se dogovorili, da bomo v \u010destitke napisali tudi njihova vo\u0161\u010dila.&nbsp;<\/p>\n\n\n\n<p>Ker \u017eelimo, da lepe in pozitivne misli dose\u017eejo \u010dim ve\u010d ljudi in polep\u0161ajo dan vsem obiskovalcem vrtca, smo v garderobi pripravili plakat \u02ddmisel zate\u02dd. Vse star\u0161e in druge obiskovalce smo pozvali, da na plakat napi\u0161ejo nekaj lepega.<\/p>\n\n\n\n<p>Pozitivne misli bojo krasile garderobo v prazni\u010dnem decembru.<\/p>\n\n\n\n<div class=\"wp-block-buttons is-layout-flex wp-block-buttons-is-layout-flex\">\n<div class=\"wp-block-button\"><a class=\"wp-block-button__link wp-element-button\" href=\"https:\/\/vrtec-sezana.si\/?page_id=3733\">GALERIJA<\/a><\/div>\n<\/div>\n","protected":false},"excerpt":{"rendered":"<p>Rde\u010da nit projekta Zdravje v v vrtcu, v katerem sodelujemo \u017ee drugo leto, je letos \u02ddbesede imajo mo\u010d\u02dd.&nbsp; Te teme smo se v skupini Gumbki lotili v sredini meseca novembra. Najprej smo si ogledali raznolike novoletne vo\u0161\u010dilnice, ki smo jih v enoto&#8230;<\/p>\n","protected":false},"author":1,"featured_media":421,"comment_status":"closed","ping_status":"closed","sticky":false,"template":"","format":"standard","meta":{"footnotes":""},"categories":[14],"tags":[],"jetpack_featured_media_url":"https:\/\/vrtec-sezana.si\/wp-content\/uploads\/2023\/11\/senozece_e.png","_links":{"self":[{"href":"https:\/\/vrtec-sezana.si\/index.php?rest_route=\/wp\/v2\/posts\/1055"}],"collection":[{"href":"https:\/\/vrtec-sezana.si\/index.php?rest_route=\/wp\/v2\/posts"}],"about":[{"href":"https:\/\/vrtec-sezana.si\/index.php?rest_route=\/wp\/v2\/types\/post"}],"author":[{"embeddable":true,"href":"https:\/\/vrtec-sezana.si\/index.php?rest_route=\/wp\/v2\/users\/1"}],"replies":[{"embeddable":true,"href":"https:\/\/vrtec-sezana.si\/index.php?rest_route=%2Fwp%2Fv2%2Fcomments&post=1055"}],"version-history":[{"count":3,"href":"https:\/\/vrtec-sezana.si\/index.php?rest_route=\/wp\/v2\/posts\/1055\/revisions"}],"predecessor-version":[{"id":7061,"href":"https:\/\/vrtec-sezana.si\/index.php?rest_route=\/wp\/v2\/posts\/1055\/revisions\/7061"}],"wp:featuredmedia":[{"embeddable":true,"href":"https:\/\/vrtec-sezana.si\/index.php?rest_route=\/wp\/v2\/media\/421"}],"wp:attachment":[{"href":"https:\/\/vrtec-sezana.si\/index.php?rest_route=%2Fwp%2Fv2%2Fmedia&parent=1055"}],"wp:term":[{"taxonomy":"category","embeddable":true,"href":"https:\/\/vrtec-sezana.si\/index.php?rest_route=%2Fwp%2Fv2%2Fcategories&post=1055"},{"taxonomy":"post_tag","embeddable":true,"href":"https:\/\/vrtec-sezana.si\/index.php?rest_route=%2Fwp%2Fv2%2Ftags&post=1055"}],"curies":[{"name":"wp","href":"https:\/\/api.w.org\/{rel}","templated":true}]}}