{"id":1053,"date":"2023-12-12T14:13:00","date_gmt":"2023-12-12T13:13:00","guid":{"rendered":"http:\/\/977.ablak.arnes.si\/?p=1053"},"modified":"2024-02-19T14:25:40","modified_gmt":"2024-02-19T13:25:40","slug":"mala-pozornost-za-veliko-veselje","status":"publish","type":"post","link":"https:\/\/vrtec-sezana.si\/?p=1053","title":{"rendered":"MALA POZORNOST ZA VELIKO VESELJE"},"content":{"rendered":"\n<p>Tudi letos, \u017ee peto leto zapored, smo se v enoti Seno\u017ee\u010de pridru\u017eili vseslovenski dobrodelni akciji Mala pozornost za veliko veselje. Cilj dobrodelne akcije je narisati nasmeh na obrazih vseh starostnikov v slovenskih domovih za starej\u0161e ob\u010dane. K sodelovanju smo povabili tudi star\u0161e. Dru\u017eine so zavihale rokave in odziv je bil zelo velik. K nam v vrtec so prihajale najrazli\u010dnej\u0161e vo\u0161\u010dilnice s \u010dudovitimi mislimi in vo\u0161\u010dili. Rokave pa smo zavihali tudi v vseh treh skupinah. Kot po teko\u010dem traku smo izdelovali najrazli\u010dnej\u0161e vo\u0161\u010dilnice. Otroci so izrazili svojo ustvarjalnost in ve\u010dinoma so zelo radi sodelovali pri izdelovanju. Nekateri otroci iz skupine Gumbki pa so v vo\u0161\u010dilnice dodali tudi svoje vo\u0161\u010dilo.&nbsp;<\/p>\n\n\n\n<p>S skupnimi mo\u010dmi smo letos presegli vsa pri\u010dakovanja in zdelali kar 467 novoletnih vo\u0161\u010dilnic, ki bojo razveselile starostnike \u0161irom Slovenije<\/p>\n\n\n\n<p>Besedilo: Mateja Marolt<\/p>\n\n\n\n<p>Fotografije: Arhiv enote<\/p>\n\n\n\n<div class=\"wp-block-buttons is-layout-flex wp-block-buttons-is-layout-flex\">\n<div class=\"wp-block-button\"><a class=\"wp-block-button__link wp-element-button\" href=\"https:\/\/vrtec-sezana.si\/?page_id=3718\">GALERIJA<\/a><\/div>\n<\/div>\n","protected":false},"excerpt":{"rendered":"<p>Tudi letos, \u017ee peto leto zapored, smo se v enoti Seno\u017ee\u010de pridru\u017eili vseslovenski dobrodelni akciji Mala pozornost za veliko veselje. Cilj dobrodelne akcije je narisati nasmeh na obrazih vseh starostnikov v slovenskih domovih za starej\u0161e ob\u010dane. K sodelovanju smo povabili tudi star\u0161e&#8230;.<\/p>\n","protected":false},"author":1,"featured_media":421,"comment_status":"closed","ping_status":"closed","sticky":false,"template":"","format":"standard","meta":{"footnotes":""},"categories":[14],"tags":[],"jetpack_featured_media_url":"https:\/\/vrtec-sezana.si\/wp-content\/uploads\/2023\/11\/senozece_e.png","_links":{"self":[{"href":"https:\/\/vrtec-sezana.si\/index.php?rest_route=\/wp\/v2\/posts\/1053"}],"collection":[{"href":"https:\/\/vrtec-sezana.si\/index.php?rest_route=\/wp\/v2\/posts"}],"about":[{"href":"https:\/\/vrtec-sezana.si\/index.php?rest_route=\/wp\/v2\/types\/post"}],"author":[{"embeddable":true,"href":"https:\/\/vrtec-sezana.si\/index.php?rest_route=\/wp\/v2\/users\/1"}],"replies":[{"embeddable":true,"href":"https:\/\/vrtec-sezana.si\/index.php?rest_route=%2Fwp%2Fv2%2Fcomments&post=1053"}],"version-history":[{"count":3,"href":"https:\/\/vrtec-sezana.si\/index.php?rest_route=\/wp\/v2\/posts\/1053\/revisions"}],"predecessor-version":[{"id":7060,"href":"https:\/\/vrtec-sezana.si\/index.php?rest_route=\/wp\/v2\/posts\/1053\/revisions\/7060"}],"wp:featuredmedia":[{"embeddable":true,"href":"https:\/\/vrtec-sezana.si\/index.php?rest_route=\/wp\/v2\/media\/421"}],"wp:attachment":[{"href":"https:\/\/vrtec-sezana.si\/index.php?rest_route=%2Fwp%2Fv2%2Fmedia&parent=1053"}],"wp:term":[{"taxonomy":"category","embeddable":true,"href":"https:\/\/vrtec-sezana.si\/index.php?rest_route=%2Fwp%2Fv2%2Fcategories&post=1053"},{"taxonomy":"post_tag","embeddable":true,"href":"https:\/\/vrtec-sezana.si\/index.php?rest_route=%2Fwp%2Fv2%2Ftags&post=1053"}],"curies":[{"name":"wp","href":"https:\/\/api.w.org\/{rel}","templated":true}]}}