{"id":1049,"date":"2024-01-10T14:09:14","date_gmt":"2024-01-10T13:09:14","guid":{"rendered":"http:\/\/977.ablak.arnes.si\/?p=1049"},"modified":"2024-02-19T13:46:47","modified_gmt":"2024-02-19T12:46:47","slug":"veseli-december-v-skupini-gumbki","status":"publish","type":"post","link":"https:\/\/vrtec-sezana.si\/?p=1049","title":{"rendered":"VESELI DECEMBER V SKUPINI GUMBKI"},"content":{"rendered":"\n<p>Kot vsako leto se je tudi v preteklem decembru dogajalo veliko. Prazni\u010dno vzdu\u0161je smo v na\u0161i igralnici pripravili \u017ee pred decembrom. Konec novembra smo se v popoldanskih urah zbrali na sre\u010danju s star\u0161i. Otroci so ob pomo\u010di star\u0161ev izdelali okraske s katerimi smo nato skupaj okrasili igralnico. V naslednjih dneh smo v igralnico dodali \u0161e prazni\u010dne lu\u010dke in okrasili manj\u0161o smre\u010dico.<\/p>\n\n\n\n<p>V decembru smo spoznavali \u010dudovite otro\u0161ke slikanice. Vsak teden sva za otroke pripravili knjigo tedna, okoli katere se je vse vrtelo. Za\u010deli smo s slikanico Pal\u010dek Pohajal\u010dek. Ta teden smo se posvetili predvsem pal\u010dkovim kapam, ki smo jih razvr\u0161\u010dali, urejali\u2026 Vsak otrok je pal\u010dkovo kapo tudi izdelal. Knjiga drugega tedna je bila Dobri sne\u017eak. Ta teden smo za\u010deli s skupnim okra\u0161evanjem novoletnega drevesca v garderobi. Poleg slikanice smo se sne\u017eakom posvetili tudi s prirejanjem delov velikemu in malemu sne\u017eaku. Obiskal pa nas je tudi kantavtor Bo\u0161tjan Pertina\u010d. V zadnji teden pred po\u010ditnicami smo stopili s slikanico Dedek Mraz v dimniku. Ob tem smo se nau\u010dili pesem Dedek Mraz. Ta dobri mo\u017e pa nas je tudi obiskal in nam prinesel \u010dudovita darila. Teden smo zaklju\u010dili z ogledom generalke za \u0161olsko prireditev in plesno gibalnim dopoldnevom.<\/p>\n\n\n\n<p>Kot lahko vidite smo se imeli zelo lepo.<\/p>\n\n\n\n<p>Besedilo: Mateja Marolt<\/p>\n\n\n\n<p>Fotografije: Mateja Marolt<\/p>\n\n\n\n<div class=\"wp-block-buttons is-layout-flex wp-block-buttons-is-layout-flex\">\n<div class=\"wp-block-button\"><a class=\"wp-block-button__link wp-element-button\" href=\"https:\/\/vrtec-sezana.si\/?page_id=3671\">GALERIJA<\/a><\/div>\n<\/div>\n","protected":false},"excerpt":{"rendered":"<p>Kot vsako leto se je tudi v preteklem decembru dogajalo veliko. Prazni\u010dno vzdu\u0161je smo v na\u0161i igralnici pripravili \u017ee pred decembrom. Konec novembra smo se v popoldanskih urah zbrali na sre\u010danju s star\u0161i. Otroci so ob pomo\u010di star\u0161ev izdelali okraske s katerimi&#8230;<\/p>\n","protected":false},"author":1,"featured_media":421,"comment_status":"closed","ping_status":"closed","sticky":false,"template":"","format":"standard","meta":{"footnotes":""},"categories":[14],"tags":[],"jetpack_featured_media_url":"https:\/\/vrtec-sezana.si\/wp-content\/uploads\/2023\/11\/senozece_e.png","_links":{"self":[{"href":"https:\/\/vrtec-sezana.si\/index.php?rest_route=\/wp\/v2\/posts\/1049"}],"collection":[{"href":"https:\/\/vrtec-sezana.si\/index.php?rest_route=\/wp\/v2\/posts"}],"about":[{"href":"https:\/\/vrtec-sezana.si\/index.php?rest_route=\/wp\/v2\/types\/post"}],"author":[{"embeddable":true,"href":"https:\/\/vrtec-sezana.si\/index.php?rest_route=\/wp\/v2\/users\/1"}],"replies":[{"embeddable":true,"href":"https:\/\/vrtec-sezana.si\/index.php?rest_route=%2Fwp%2Fv2%2Fcomments&post=1049"}],"version-history":[{"count":3,"href":"https:\/\/vrtec-sezana.si\/index.php?rest_route=\/wp\/v2\/posts\/1049\/revisions"}],"predecessor-version":[{"id":7017,"href":"https:\/\/vrtec-sezana.si\/index.php?rest_route=\/wp\/v2\/posts\/1049\/revisions\/7017"}],"wp:featuredmedia":[{"embeddable":true,"href":"https:\/\/vrtec-sezana.si\/index.php?rest_route=\/wp\/v2\/media\/421"}],"wp:attachment":[{"href":"https:\/\/vrtec-sezana.si\/index.php?rest_route=%2Fwp%2Fv2%2Fmedia&parent=1049"}],"wp:term":[{"taxonomy":"category","embeddable":true,"href":"https:\/\/vrtec-sezana.si\/index.php?rest_route=%2Fwp%2Fv2%2Fcategories&post=1049"},{"taxonomy":"post_tag","embeddable":true,"href":"https:\/\/vrtec-sezana.si\/index.php?rest_route=%2Fwp%2Fv2%2Ftags&post=1049"}],"curies":[{"name":"wp","href":"https:\/\/api.w.org\/{rel}","templated":true}]}}