{"id":1043,"date":"2023-10-09T14:02:00","date_gmt":"2023-10-09T13:02:00","guid":{"rendered":"http:\/\/977.ablak.arnes.si\/?p=1043"},"modified":"2024-02-21T14:19:15","modified_gmt":"2024-02-21T13:19:15","slug":"ponovno-v-vrtcu","status":"publish","type":"post","link":"https:\/\/vrtec-sezana.si\/?p=1043","title":{"rendered":"PONOVNO V VRTCU"},"content":{"rendered":"\n<p>Po\u010ditnice so prehitro minile in \u017ee se je za\u010delo novo \u0161olsko leto v vrtcu za otroke devetih skupin, ki z veseljem stopamo novim dogodiv\u0161\u010dinam naproti.<\/p>\n\n\n\n<p>Star\u0161em pa \u017eelimo skozi vse leto lepe dni v vrtcu.<\/p>\n\n\n\n<p>Besedilo: Ksenja Horvat<\/p>\n\n\n\n<p>Fotografije: arhiv enote Hrpelje<\/p>\n\n\n\n<div class=\"wp-block-buttons is-layout-flex wp-block-buttons-is-layout-flex\">\n<div class=\"wp-block-button\"><a class=\"wp-block-button__link wp-element-button\" href=\"https:\/\/vrtec-sezana.si\/?page_id=3520\">GALERIJA<\/a><\/div>\n<\/div>\n","protected":false},"excerpt":{"rendered":"<p>Po\u010ditnice so prehitro minile in \u017ee se je za\u010delo novo \u0161olsko leto v vrtcu za otroke devetih skupin, ki z veseljem stopamo novim dogodiv\u0161\u010dinam naproti. Star\u0161em pa \u017eelimo skozi vse leto lepe dni v vrtcu. Besedilo: Ksenja Horvat Fotografije: arhiv enote Hrpelje<\/p>\n","protected":false},"author":1,"featured_media":415,"comment_status":"closed","ping_status":"closed","sticky":false,"template":"","format":"standard","meta":{"footnotes":""},"categories":[10],"tags":[],"jetpack_featured_media_url":"https:\/\/vrtec-sezana.si\/wp-content\/uploads\/2023\/11\/hrpelje_e.png","_links":{"self":[{"href":"https:\/\/vrtec-sezana.si\/index.php?rest_route=\/wp\/v2\/posts\/1043"}],"collection":[{"href":"https:\/\/vrtec-sezana.si\/index.php?rest_route=\/wp\/v2\/posts"}],"about":[{"href":"https:\/\/vrtec-sezana.si\/index.php?rest_route=\/wp\/v2\/types\/post"}],"author":[{"embeddable":true,"href":"https:\/\/vrtec-sezana.si\/index.php?rest_route=\/wp\/v2\/users\/1"}],"replies":[{"embeddable":true,"href":"https:\/\/vrtec-sezana.si\/index.php?rest_route=%2Fwp%2Fv2%2Fcomments&post=1043"}],"version-history":[{"count":3,"href":"https:\/\/vrtec-sezana.si\/index.php?rest_route=\/wp\/v2\/posts\/1043\/revisions"}],"predecessor-version":[{"id":7304,"href":"https:\/\/vrtec-sezana.si\/index.php?rest_route=\/wp\/v2\/posts\/1043\/revisions\/7304"}],"wp:featuredmedia":[{"embeddable":true,"href":"https:\/\/vrtec-sezana.si\/index.php?rest_route=\/wp\/v2\/media\/415"}],"wp:attachment":[{"href":"https:\/\/vrtec-sezana.si\/index.php?rest_route=%2Fwp%2Fv2%2Fmedia&parent=1043"}],"wp:term":[{"taxonomy":"category","embeddable":true,"href":"https:\/\/vrtec-sezana.si\/index.php?rest_route=%2Fwp%2Fv2%2Fcategories&post=1043"},{"taxonomy":"post_tag","embeddable":true,"href":"https:\/\/vrtec-sezana.si\/index.php?rest_route=%2Fwp%2Fv2%2Ftags&post=1043"}],"curies":[{"name":"wp","href":"https:\/\/api.w.org\/{rel}","templated":true}]}}