{"id":1039,"date":"2023-10-15T13:59:00","date_gmt":"2023-10-15T12:59:00","guid":{"rendered":"http:\/\/977.ablak.arnes.si\/?p=1039"},"modified":"2024-02-19T14:54:35","modified_gmt":"2024-02-19T13:54:35","slug":"cicibanov-pohod","status":"publish","type":"post","link":"https:\/\/vrtec-sezana.si\/?p=1039","title":{"rendered":"CICIBANOV POHOD"},"content":{"rendered":"\n<p>Otroci iz skupine \u017dabic in Muren\u010dkov smo se na lep son\u010den petek odpravili na prvi Cicibanov pohod. Izbrali smo nam najbli\u017ejo in zanimivo Naravoslovno zgodovinsko u\u010dno pot v Hrpeljah. Karmen nas je vodila po poti skozi gozd \u010drnega bora, kjer smo si ogledali staro obzidano dolino z vrtom. Po poti so otroci nenehno spra\u0161evali, kdaj bomo pri\u0161li do \u00bbjazbeca\u00ab. Najbolj je bila otrokom zanimiva jazbe\u010dina &nbsp;oziroma Udornica z jazbino in pe\u010dino. Tukaj so otroci s \u0161iroko razprtimi o\u010dmi pri\u010dakovali, da bo iz brloga pokukal jazbec.<\/p>\n\n\n\n<p>Na\u0161o pot smo nadaljevali in se pristavili pri \u0161kavnici ter si tudi prebrali legendo o stopenjci matere bo\u017eje. \u00bbStopinja\u00ab v kamnu, je zbudila otro\u0161ko domi\u0161ljijo in \u017ee so razmi\u0161ljali: \u00bb\u010cigava bi lahko bila\u2026.?\u00ab<\/p>\n\n\n\n<p>Sledila je \u0161e malica iz nahrbtnika, skupno dru\u017eenje v gozdu in seveda, potrditveni \u017eig za opravljen &nbsp;prvi pohod.<\/p>\n\n\n\n<p>&nbsp;Besedilo: Erna Fabjan\u010di\u010d<\/p>\n\n\n\n<p>Fotografije: Mateja Bol\u010di\u010d, Karmen Petrovi\u010d, Tamara Mavri\u010d, Erna Fabjan\u010di\u010d<\/p>\n\n\n\n<div class=\"wp-block-buttons is-layout-flex wp-block-buttons-is-layout-flex\">\n<div class=\"wp-block-button\"><a class=\"wp-block-button__link wp-element-button\" href=\"https:\/\/vrtec-sezana.si\/?page_id=3480\">GALERIJA<\/a><\/div>\n<\/div>\n","protected":false},"excerpt":{"rendered":"<p>Otroci iz skupine \u017dabic in Muren\u010dkov smo se na lep son\u010den petek odpravili na prvi Cicibanov pohod. Izbrali smo nam najbli\u017ejo in zanimivo Naravoslovno zgodovinsko u\u010dno pot v Hrpeljah. Karmen nas je vodila po poti skozi gozd \u010drnega bora, kjer smo si&#8230;<\/p>\n","protected":false},"author":1,"featured_media":415,"comment_status":"closed","ping_status":"closed","sticky":false,"template":"","format":"standard","meta":{"footnotes":""},"categories":[10],"tags":[],"jetpack_featured_media_url":"https:\/\/vrtec-sezana.si\/wp-content\/uploads\/2023\/11\/hrpelje_e.png","_links":{"self":[{"href":"https:\/\/vrtec-sezana.si\/index.php?rest_route=\/wp\/v2\/posts\/1039"}],"collection":[{"href":"https:\/\/vrtec-sezana.si\/index.php?rest_route=\/wp\/v2\/posts"}],"about":[{"href":"https:\/\/vrtec-sezana.si\/index.php?rest_route=\/wp\/v2\/types\/post"}],"author":[{"embeddable":true,"href":"https:\/\/vrtec-sezana.si\/index.php?rest_route=\/wp\/v2\/users\/1"}],"replies":[{"embeddable":true,"href":"https:\/\/vrtec-sezana.si\/index.php?rest_route=%2Fwp%2Fv2%2Fcomments&post=1039"}],"version-history":[{"count":3,"href":"https:\/\/vrtec-sezana.si\/index.php?rest_route=\/wp\/v2\/posts\/1039\/revisions"}],"predecessor-version":[{"id":7149,"href":"https:\/\/vrtec-sezana.si\/index.php?rest_route=\/wp\/v2\/posts\/1039\/revisions\/7149"}],"wp:featuredmedia":[{"embeddable":true,"href":"https:\/\/vrtec-sezana.si\/index.php?rest_route=\/wp\/v2\/media\/415"}],"wp:attachment":[{"href":"https:\/\/vrtec-sezana.si\/index.php?rest_route=%2Fwp%2Fv2%2Fmedia&parent=1039"}],"wp:term":[{"taxonomy":"category","embeddable":true,"href":"https:\/\/vrtec-sezana.si\/index.php?rest_route=%2Fwp%2Fv2%2Fcategories&post=1039"},{"taxonomy":"post_tag","embeddable":true,"href":"https:\/\/vrtec-sezana.si\/index.php?rest_route=%2Fwp%2Fv2%2Ftags&post=1039"}],"curies":[{"name":"wp","href":"https:\/\/api.w.org\/{rel}","templated":true}]}}