{"id":1029,"date":"2023-10-19T13:53:00","date_gmt":"2023-10-19T12:53:00","guid":{"rendered":"http:\/\/977.ablak.arnes.si\/?p=1029"},"modified":"2024-02-19T14:51:00","modified_gmt":"2024-02-19T13:51:00","slug":"policisti-na-obisku-v-vrtcu-hrpelje","status":"publish","type":"post","link":"https:\/\/vrtec-sezana.si\/?p=1029","title":{"rendered":"POLICISTI NA OBISKU V VRTCU HRPELJE"},"content":{"rendered":"\n<p>Otroci skupin \u017dabice, Muren\u010dki in Pikapolonice smo v za\u010detku meseca oktobra medse v vrtec povabili policiste Policijske postaje Kozina in Policijske postaje vodnikov slu\u017ebenih psov Koper. Takoj po malici smo se zbrali v ve\u010dnamenskem prostoru vrtca, kjer smo jih pri\u010dakali. Tu smo s policisti ponovili vse, kar morajo otroci vedeti o varnosti v prometu, in sicer kako hoditi po plo\u010dniku, kje pre\u010dkati cesto, kaj pomenijo barve lu\u010di na semaforju ter posamezni prometni znaki in kako se opremiti, da bomo v prometu bolj opazni.<\/p>\n\n\n\n<p>Nato smo se skupaj odpravili do bli\u017enjega prehoda za pe\u0161ce, kjer smo prav vsi v spremstvu policista pre\u010dkali cesto. Sledil je kraj\u0161i sprehod do bli\u017enjega parkiri\u0161\u010da, kjer je bil parkiran policijski avto z vso ustrezno opremo, zraven pa so nas pri\u010dakali \u0161e policisti iz Kopra s slu\u017ebenimi psi. Najprej so nam vodniki psov predstavili \u0161tirino\u017ene prijatelje in nam pojasnili, za kaj so le-ti usposobljeni. En ku\u017ea je bil namenjen iskanju droge, drugi pa iskanju eksplozivnih teles. Za nas so uprizorili pravo vajo iskanja droge, ki je bila skrita v eni izmed \u0161katel. Ob koncu smo si ogledali, potipali in tudi nadeli policijski za\u0161\u010ditni jopi\u010d, \u010delado, prijeli palico in lisice ter se usedli v policijsko vozilo ter pri\u017egali modre lu\u010di in sireno. Otroci so bili nad vsem prikazanim navdu\u0161eni. Za piko na i je poskrbel policist, ki je prikazal, kako s sredstvom za prisilno ustavljanje ustavijo be\u017ee\u010de vozilo. &nbsp;&nbsp;&nbsp;<\/p>\n\n\n\n<p>Prav vsi, tako otroci kot tudi strokovne delavke, smo na predstavitvi neizmerno u\u017eivali. Prepri\u010dani smo, da bomo tudi po zaslugi na\u0161ih policistov v prometu odslej \u0161e bolj pozorni in previdni, obenem pa bo odnos do policije v o\u010deh na\u0161ih otrok pozitiven in prijateljski, kot tudi mora biti.<\/p>\n\n\n\n<p>Hvala vsem policistom PP Kozina, policistom Policijske postaje vodnikov slu\u017ebenih psov Koper ter vodstvu policije PP Kozina, ki je dovolila in omogo\u010dila omenjeni dogodek.<\/p>\n\n\n\n<p>Besedilo: Tamara Mavri\u010d<\/p>\n\n\n\n<p>Fotografije: Karmen Petrovi\u010d, Tamara Mavri\u010d, Erna Fabjan\u010di\u010d, Mateja Bol\u010di\u010d, Martina Hrvatin in Mateja Kapun<\/p>\n\n\n\n<div class=\"wp-block-buttons is-layout-flex wp-block-buttons-is-layout-flex\">\n<div class=\"wp-block-button\"><a class=\"wp-block-button__link wp-element-button\" href=\"https:\/\/vrtec-sezana.si\/?page_id=3394\">GALERIJA<\/a><\/div>\n<\/div>\n","protected":false},"excerpt":{"rendered":"<p>Otroci skupin \u017dabice, Muren\u010dki in Pikapolonice smo v za\u010detku meseca oktobra medse v vrtec povabili policiste Policijske postaje Kozina in Policijske postaje vodnikov slu\u017ebenih psov Koper. Takoj po malici smo se zbrali v ve\u010dnamenskem prostoru vrtca, kjer smo jih pri\u010dakali. Tu smo&#8230;<\/p>\n","protected":false},"author":1,"featured_media":415,"comment_status":"closed","ping_status":"closed","sticky":false,"template":"","format":"standard","meta":{"footnotes":""},"categories":[10],"tags":[],"jetpack_featured_media_url":"https:\/\/vrtec-sezana.si\/wp-content\/uploads\/2023\/11\/hrpelje_e.png","_links":{"self":[{"href":"https:\/\/vrtec-sezana.si\/index.php?rest_route=\/wp\/v2\/posts\/1029"}],"collection":[{"href":"https:\/\/vrtec-sezana.si\/index.php?rest_route=\/wp\/v2\/posts"}],"about":[{"href":"https:\/\/vrtec-sezana.si\/index.php?rest_route=\/wp\/v2\/types\/post"}],"author":[{"embeddable":true,"href":"https:\/\/vrtec-sezana.si\/index.php?rest_route=\/wp\/v2\/users\/1"}],"replies":[{"embeddable":true,"href":"https:\/\/vrtec-sezana.si\/index.php?rest_route=%2Fwp%2Fv2%2Fcomments&post=1029"}],"version-history":[{"count":3,"href":"https:\/\/vrtec-sezana.si\/index.php?rest_route=\/wp\/v2\/posts\/1029\/revisions"}],"predecessor-version":[{"id":7138,"href":"https:\/\/vrtec-sezana.si\/index.php?rest_route=\/wp\/v2\/posts\/1029\/revisions\/7138"}],"wp:featuredmedia":[{"embeddable":true,"href":"https:\/\/vrtec-sezana.si\/index.php?rest_route=\/wp\/v2\/media\/415"}],"wp:attachment":[{"href":"https:\/\/vrtec-sezana.si\/index.php?rest_route=%2Fwp%2Fv2%2Fmedia&parent=1029"}],"wp:term":[{"taxonomy":"category","embeddable":true,"href":"https:\/\/vrtec-sezana.si\/index.php?rest_route=%2Fwp%2Fv2%2Fcategories&post=1029"},{"taxonomy":"post_tag","embeddable":true,"href":"https:\/\/vrtec-sezana.si\/index.php?rest_route=%2Fwp%2Fv2%2Ftags&post=1029"}],"curies":[{"name":"wp","href":"https:\/\/api.w.org\/{rel}","templated":true}]}}