{"id":10286,"date":"2024-04-08T06:14:07","date_gmt":"2024-04-08T05:14:07","guid":{"rendered":"https:\/\/vrtec-sezana.si\/?p=10286"},"modified":"2024-04-08T06:14:07","modified_gmt":"2024-04-08T05:14:07","slug":"srecko-kosovel","status":"publish","type":"post","link":"https:\/\/vrtec-sezana.si\/?p=10286","title":{"rendered":"Sre\u010dko Kosovel"},"content":{"rendered":"\n<p>V mesecu marcu smo tudi v skupini pri \u00bbDinozavrih\u00ab obele\u017eili 120 obletnico na\u0161ega pesnika Sre\u010dka Kosovela. Otroke smo seznanile z njegovim \u017eivljenjem in jih nau\u010dile eno izmed njegovih otro\u0161kih pesmi \u00bbOtrok s son\u010dnico\u00ab. V ta namen smo z otroki tudi risali z ogljem njegov portret. Otroci so imeli na voljo \u0161tiri razli\u010dne portrete Sre\u010dka Kosovela. Med risanjem so bili zelo spro\u0161\u010deni in natan\u010dni. Zelo jim je bilo zanimivo, da nekoga ri\u0161emo le od ram navzgor in tako so tudi spoznali risanje portreta. Nastali so \u010dudoviti portreti, ki krasijo stene na\u0161ega vrtca. Kako ustvarjalni so bili, si lahko ogledate na fotografijah v galeriji.<\/p>\n\n\n\n<p>Besedilo: Tina Orel<\/p>\n\n\n\n<p>Fotografije: Maja Mo\u017ee Anderli\u010d<\/p>\n\n\n\n<div class=\"wp-block-buttons is-layout-flex wp-block-buttons-is-layout-flex\">\n<div class=\"wp-block-button\"><a class=\"wp-block-button__link wp-element-button\" href=\"https:\/\/vrtec-sezana.si\/?page_id=10269\">GALERIJA<\/a><\/div>\n<\/div>\n","protected":false},"excerpt":{"rendered":"<p>V mesecu marcu smo tudi v skupini pri \u00bbDinozavrih\u00ab obele\u017eili 120 obletnico na\u0161ega pesnika Sre\u010dka Kosovela. Otroke smo seznanile z njegovim \u017eivljenjem in jih nau\u010dile eno izmed njegovih otro\u0161kih pesmi \u00bbOtrok s son\u010dnico\u00ab. V ta namen smo z otroki tudi risali z&#8230;<\/p>\n","protected":false},"author":23,"featured_media":10284,"comment_status":"closed","ping_status":"closed","sticky":false,"template":"","format":"standard","meta":{"footnotes":""},"categories":[13],"tags":[],"jetpack_featured_media_url":"https:\/\/vrtec-sezana.si\/wp-content\/uploads\/2024\/04\/kosovel-5-scaled.jpg","_links":{"self":[{"href":"https:\/\/vrtec-sezana.si\/index.php?rest_route=\/wp\/v2\/posts\/10286"}],"collection":[{"href":"https:\/\/vrtec-sezana.si\/index.php?rest_route=\/wp\/v2\/posts"}],"about":[{"href":"https:\/\/vrtec-sezana.si\/index.php?rest_route=\/wp\/v2\/types\/post"}],"author":[{"embeddable":true,"href":"https:\/\/vrtec-sezana.si\/index.php?rest_route=\/wp\/v2\/users\/23"}],"replies":[{"embeddable":true,"href":"https:\/\/vrtec-sezana.si\/index.php?rest_route=%2Fwp%2Fv2%2Fcomments&post=10286"}],"version-history":[{"count":1,"href":"https:\/\/vrtec-sezana.si\/index.php?rest_route=\/wp\/v2\/posts\/10286\/revisions"}],"predecessor-version":[{"id":10287,"href":"https:\/\/vrtec-sezana.si\/index.php?rest_route=\/wp\/v2\/posts\/10286\/revisions\/10287"}],"wp:featuredmedia":[{"embeddable":true,"href":"https:\/\/vrtec-sezana.si\/index.php?rest_route=\/wp\/v2\/media\/10284"}],"wp:attachment":[{"href":"https:\/\/vrtec-sezana.si\/index.php?rest_route=%2Fwp%2Fv2%2Fmedia&parent=10286"}],"wp:term":[{"taxonomy":"category","embeddable":true,"href":"https:\/\/vrtec-sezana.si\/index.php?rest_route=%2Fwp%2Fv2%2Fcategories&post=10286"},{"taxonomy":"post_tag","embeddable":true,"href":"https:\/\/vrtec-sezana.si\/index.php?rest_route=%2Fwp%2Fv2%2Ftags&post=10286"}],"curies":[{"name":"wp","href":"https:\/\/api.w.org\/{rel}","templated":true}]}}