{"id":1015,"date":"2023-12-17T13:41:00","date_gmt":"2023-12-17T12:41:00","guid":{"rendered":"http:\/\/977.ablak.arnes.si\/?p=1015"},"modified":"2024-02-19T14:23:18","modified_gmt":"2024-02-19T13:23:18","slug":"novoletni-bazar","status":"publish","type":"post","link":"https:\/\/vrtec-sezana.si\/?p=1015","title":{"rendered":"NOVOLETNI BAZAR"},"content":{"rendered":"\n<p>V dnevih pred bazarjem smo strokovne delavke z otroki pripravljale razli\u010dne izdelke, ki so bogatili stojnice. Dela res ni bilo malo, a smo prav vsi dali vse od sebe.<\/p>\n\n\n\n<p>V \u010detrtek, 7.12.2023, pa se je na\u0161e igri\u0161\u010de spremenilo v prijetno prizori\u0161\u010de, na katerem ni manjkalo stojnic z izdelki, dogajanje je popestrila glasbena skupina fantov, zadi\u0161alo je po doma\u010dih pi\u0161kotih in \u010daju, ki so ga pripravile na\u0161e kuharice in kuhariji, zasvetile so novoletne lu\u010dke. Vzdu\u0161je je bilo res prazni\u010dno.<\/p>\n\n\n\n<p>Zahvaljujemo se vsem, ki so na kakr\u0161enkoli na\u010din pripomogli, da smo lahko izpeljali novoletni bazar.<\/p>\n\n\n\n<p>Velika zahvala pa gre tudi Vam, star\u0161em, ki ste se bazarja udele\u017eili in nam z zbranimi prispevki pomagali.<\/p>\n\n\n\n<p>Besedilo: Jerca Dakskobler<\/p>\n\n\n\n<p>Fotografije: Tina Tav\u010dar<\/p>\n\n\n\n<div class=\"wp-block-buttons is-layout-flex wp-block-buttons-is-layout-flex\">\n<div class=\"wp-block-button\"><a class=\"wp-block-button__link wp-element-button\" href=\"https:\/\/vrtec-sezana.si\/?page_id=3233\">GALERIJA<\/a><\/div>\n<\/div>\n","protected":false},"excerpt":{"rendered":"<p>V dnevih pred bazarjem smo strokovne delavke z otroki pripravljale razli\u010dne izdelke, ki so bogatili stojnice. Dela res ni bilo malo, a smo prav vsi dali vse od sebe. V \u010detrtek, 7.12.2023, pa se je na\u0161e igri\u0161\u010de spremenilo v prijetno prizori\u0161\u010de, na&#8230;<\/p>\n","protected":false},"author":1,"featured_media":415,"comment_status":"closed","ping_status":"closed","sticky":false,"template":"","format":"standard","meta":{"footnotes":""},"categories":[10],"tags":[],"jetpack_featured_media_url":"https:\/\/vrtec-sezana.si\/wp-content\/uploads\/2023\/11\/hrpelje_e.png","_links":{"self":[{"href":"https:\/\/vrtec-sezana.si\/index.php?rest_route=\/wp\/v2\/posts\/1015"}],"collection":[{"href":"https:\/\/vrtec-sezana.si\/index.php?rest_route=\/wp\/v2\/posts"}],"about":[{"href":"https:\/\/vrtec-sezana.si\/index.php?rest_route=\/wp\/v2\/types\/post"}],"author":[{"embeddable":true,"href":"https:\/\/vrtec-sezana.si\/index.php?rest_route=\/wp\/v2\/users\/1"}],"replies":[{"embeddable":true,"href":"https:\/\/vrtec-sezana.si\/index.php?rest_route=%2Fwp%2Fv2%2Fcomments&post=1015"}],"version-history":[{"count":3,"href":"https:\/\/vrtec-sezana.si\/index.php?rest_route=\/wp\/v2\/posts\/1015\/revisions"}],"predecessor-version":[{"id":7053,"href":"https:\/\/vrtec-sezana.si\/index.php?rest_route=\/wp\/v2\/posts\/1015\/revisions\/7053"}],"wp:featuredmedia":[{"embeddable":true,"href":"https:\/\/vrtec-sezana.si\/index.php?rest_route=\/wp\/v2\/media\/415"}],"wp:attachment":[{"href":"https:\/\/vrtec-sezana.si\/index.php?rest_route=%2Fwp%2Fv2%2Fmedia&parent=1015"}],"wp:term":[{"taxonomy":"category","embeddable":true,"href":"https:\/\/vrtec-sezana.si\/index.php?rest_route=%2Fwp%2Fv2%2Fcategories&post=1015"},{"taxonomy":"post_tag","embeddable":true,"href":"https:\/\/vrtec-sezana.si\/index.php?rest_route=%2Fwp%2Fv2%2Ftags&post=1015"}],"curies":[{"name":"wp","href":"https:\/\/api.w.org\/{rel}","templated":true}]}}