{"id":1011,"date":"2023-10-08T13:35:00","date_gmt":"2023-10-08T12:35:00","guid":{"rendered":"http:\/\/977.ablak.arnes.si\/?p=1011"},"modified":"2024-02-21T14:19:46","modified_gmt":"2024-02-21T13:19:46","slug":"pohod-med-vinogradi","status":"publish","type":"post","link":"https:\/\/vrtec-sezana.si\/?p=1011","title":{"rendered":"POHOD MED VINOGRADI"},"content":{"rendered":"\n<p>V jesenskem \u010dasu v vrtcu Dutovlje \u017ee vrsto let organiziramo pohod med vinogradi. Ta nas popelje po neverjetni kra\u0161ki pokrajini, ki nas obogati s \u0161tevilnimi lepotami in nam postre\u017ee z omamnim vonjem po dozorelem grozdju.<\/p>\n\n\n\n<p>Leto\u0161nja jesen je son\u010dna in topla, zato kar vabi ven, v naravo. Nismo se pustili dolgo prepri\u010devati \u2026<\/p>\n\n\n\n<p>Prej\u0161nji \u010detrtek smo se Pingvin\u010dki po zajtrku odpravili na pohod po na\u0161i kra\u0161ki pokrajini med vinograde. Najprej nas je pot vodila mimo \u0161olskih igri\u0161\u010d, ki se ob\u010dasno spremenijo v prireditveni prostor, do gozdi\u010dka. V gozdi\u010dku prebiva sicer prijazna \u010darovnica, vendar precej zaspana in vsakokrat, ko gremo tu mimo, se trudimo, da je ne zbudimo. Skozi &nbsp;gozdi\u010dek nas je vodila \u00bbpot Janka in Metke\u00ab in se zaklju\u010dila na makadamski poti. Zavili smo desno in nadaljevali po Teranovi poti, \u010dez \u017eelezni\u0161ki most, \u010dez ostanek stare voja\u0161ke \u017eeleznice do \u0160kavnice, kjer so se otroci igrali &nbsp;in raziskovali med skalami v hrastovem gozdi\u010dku.<\/p>\n\n\n\n<p>Po brezskrbnih trenutkih igre smo znova vzeli pot pod noge in kmalu smo v zraku zaznali prijeten vonj po grozdju. V bli\u017enjem vinogradu smo si privo\u0161\u010dili sladkanje z grozdom, ki je \u010dakal na nas v sicer \u017ee obranem vinogradu.<\/p>\n\n\n\n<p>Med nadaljevanjem pohoda smo znova iskali in opazovali zelene tablice, ki so ozna\u010devale Teranovo pot, ter se kmalu ustavili ob naslednjem vinogradu. Tukaj smo si privo\u0161\u010dili sadje in pija\u010do iz nahrbtnika ter razposajeno igro med vrstami \u0161tevilnih trt. Bilo je ravno prav\u0161nje vreme, ne pretoplo, ne premrzlo, son\u010dek nas je bo\u017eal, vinograd pa ponujal krasen prostor za igro.<\/p>\n\n\n\n<p>Ura je neizprosno tekla in morali smo misliti na vrnitev. Pred nami je bil klanec, ki nas je peljal v zgornji del Dutovelj. Tam smo imeli \u010dudovit razgled na \u0161tevilne vinograde in na oddaljeno hribovje. Nekoliko utrujeni smo se vra\u010dali po makadamski poti, zopet skozi gozdi\u010dek po \u00bbpoti Janka in Metke\u00ab in se polni novih vtisov vrnili v vrtec.<\/p>\n\n\n\n<p>Ob vra\u010danju so bili ob\u010dutki lepi, spro\u0161\u010denost popolna, utrujenost prijetna, na obrazih pa nam je igralo iskreno zadovoljstvo .<\/p>\n\n\n\n<p>Tisti \u010detrtek nam je kosilo \u0161e kako teknilo, po\u010ditek pa \u0161e bolj.<\/p>\n\n\n\n<p>Besedilo: Karmen Gec Ho\u010devar<\/p>\n\n\n\n<p>Fotografija: Karmen Gec Ho\u010devar<\/p>\n\n\n\n<div class=\"wp-block-buttons is-layout-flex wp-block-buttons-is-layout-flex\">\n<div class=\"wp-block-button\"><a class=\"wp-block-button__link wp-element-button\" href=\"https:\/\/vrtec-sezana.si\/?page_id=3606\">GALERIJA<\/a><\/div>\n<\/div>\n","protected":false},"excerpt":{"rendered":"<p>V jesenskem \u010dasu v vrtcu Dutovlje \u017ee vrsto let organiziramo pohod med vinogradi. Ta nas popelje po neverjetni kra\u0161ki pokrajini, ki nas obogati s \u0161tevilnimi lepotami in nam postre\u017ee z omamnim vonjem po dozorelem grozdju. Leto\u0161nja jesen je son\u010dna in topla, zato&#8230;<\/p>\n","protected":false},"author":1,"featured_media":531,"comment_status":"closed","ping_status":"closed","sticky":false,"template":"","format":"standard","meta":{"footnotes":""},"categories":[11],"tags":[],"jetpack_featured_media_url":"https:\/\/vrtec-sezana.si\/wp-content\/uploads\/2023\/11\/OpisDutovlje.jpg","_links":{"self":[{"href":"https:\/\/vrtec-sezana.si\/index.php?rest_route=\/wp\/v2\/posts\/1011"}],"collection":[{"href":"https:\/\/vrtec-sezana.si\/index.php?rest_route=\/wp\/v2\/posts"}],"about":[{"href":"https:\/\/vrtec-sezana.si\/index.php?rest_route=\/wp\/v2\/types\/post"}],"author":[{"embeddable":true,"href":"https:\/\/vrtec-sezana.si\/index.php?rest_route=\/wp\/v2\/users\/1"}],"replies":[{"embeddable":true,"href":"https:\/\/vrtec-sezana.si\/index.php?rest_route=%2Fwp%2Fv2%2Fcomments&post=1011"}],"version-history":[{"count":3,"href":"https:\/\/vrtec-sezana.si\/index.php?rest_route=\/wp\/v2\/posts\/1011\/revisions"}],"predecessor-version":[{"id":7306,"href":"https:\/\/vrtec-sezana.si\/index.php?rest_route=\/wp\/v2\/posts\/1011\/revisions\/7306"}],"wp:featuredmedia":[{"embeddable":true,"href":"https:\/\/vrtec-sezana.si\/index.php?rest_route=\/wp\/v2\/media\/531"}],"wp:attachment":[{"href":"https:\/\/vrtec-sezana.si\/index.php?rest_route=%2Fwp%2Fv2%2Fmedia&parent=1011"}],"wp:term":[{"taxonomy":"category","embeddable":true,"href":"https:\/\/vrtec-sezana.si\/index.php?rest_route=%2Fwp%2Fv2%2Fcategories&post=1011"},{"taxonomy":"post_tag","embeddable":true,"href":"https:\/\/vrtec-sezana.si\/index.php?rest_route=%2Fwp%2Fv2%2Ftags&post=1011"}],"curies":[{"name":"wp","href":"https:\/\/api.w.org\/{rel}","templated":true}]}}