{"id":1009,"date":"2023-10-08T13:34:00","date_gmt":"2023-10-08T12:34:00","guid":{"rendered":"http:\/\/977.ablak.arnes.si\/?p=1009"},"modified":"2024-02-21T14:19:59","modified_gmt":"2024-02-21T13:19:59","slug":"pingvinckova-sadna-kupa","status":"publish","type":"post","link":"https:\/\/vrtec-sezana.si\/?p=1009","title":{"rendered":"PINGVIN\u010cKOVA SADNA KUPA"},"content":{"rendered":"\n<p>Pingvin\u010dki se vsako jutro skupaj pozdravimo in pogovor ste\u010de o marsi\u010dem. Prej\u0161nji teden je nanesel pogovor o trgatvi in o tem, katero sadje ima kdo doma. Ob tem smo dobili idejo, da lahko vsakdo nekaj prinese od doma in skupaj si naredimo sadno kupo. Izdelali smo plakat \u0161e za star\u0161e, da nam lahko pri tem pomagajo \u2026<\/p>\n\n\n\n<p>V petek so otroci pridno prina\u0161ali sadje: jabolka, banane, grozdje, hru\u0161ke, tudi fige in pomaran\u010de. Ker je bilo vsega res veliko, smo se dogovorili, da pogostimo tudi ostale prijatelje iz vrtca.<\/p>\n\n\n\n<p>Po zajtrku smo pripravili ve\u010djo mizo, pladnje, srebrne no\u017ee, sklede ter oprano sadje. Otroci so dobili olupljene dele, ki so jih s srebrnimi no\u017ei rezali na manj\u0161e ko\u0161\u010dke ter jih dajali v veliko skledo. Pingvin\u010dki so bili pri tem opravilu vztrajni in zagnani. U\u017eivali so. Ker je bilo veliko pridnih rok, je bila skleda kmalu polna.<\/p>\n\n\n\n<p>S sadno kupo smo se sladkali zunaj, na na\u0161em igri\u0161\u010du. Pogostili smo tudi vse prijatelje iz vrtca in bilo nam je lepo, za povrh pa \u0161e zdravo.<\/p>\n\n\n\n<p>Besedilo: Karmen Gec Ho\u010devar<\/p>\n\n\n\n<p>Fotografija: arhiv vrtca Dutovlje<\/p>\n\n\n\n<div class=\"wp-block-buttons is-layout-flex wp-block-buttons-is-layout-flex\">\n<div class=\"wp-block-button\"><a class=\"wp-block-button__link wp-element-button\" href=\"https:\/\/vrtec-sezana.si\/?page_id=3600\">GALERIJA<\/a><\/div>\n<\/div>\n","protected":false},"excerpt":{"rendered":"<p>Pingvin\u010dki se vsako jutro skupaj pozdravimo in pogovor ste\u010de o marsi\u010dem. Prej\u0161nji teden je nanesel pogovor o trgatvi in o tem, katero sadje ima kdo doma. Ob tem smo dobili idejo, da lahko vsakdo nekaj prinese od doma in skupaj si naredimo&#8230;<\/p>\n","protected":false},"author":1,"featured_media":531,"comment_status":"closed","ping_status":"closed","sticky":false,"template":"","format":"standard","meta":{"footnotes":""},"categories":[11],"tags":[],"jetpack_featured_media_url":"https:\/\/vrtec-sezana.si\/wp-content\/uploads\/2023\/11\/OpisDutovlje.jpg","_links":{"self":[{"href":"https:\/\/vrtec-sezana.si\/index.php?rest_route=\/wp\/v2\/posts\/1009"}],"collection":[{"href":"https:\/\/vrtec-sezana.si\/index.php?rest_route=\/wp\/v2\/posts"}],"about":[{"href":"https:\/\/vrtec-sezana.si\/index.php?rest_route=\/wp\/v2\/types\/post"}],"author":[{"embeddable":true,"href":"https:\/\/vrtec-sezana.si\/index.php?rest_route=\/wp\/v2\/users\/1"}],"replies":[{"embeddable":true,"href":"https:\/\/vrtec-sezana.si\/index.php?rest_route=%2Fwp%2Fv2%2Fcomments&post=1009"}],"version-history":[{"count":3,"href":"https:\/\/vrtec-sezana.si\/index.php?rest_route=\/wp\/v2\/posts\/1009\/revisions"}],"predecessor-version":[{"id":7307,"href":"https:\/\/vrtec-sezana.si\/index.php?rest_route=\/wp\/v2\/posts\/1009\/revisions\/7307"}],"wp:featuredmedia":[{"embeddable":true,"href":"https:\/\/vrtec-sezana.si\/index.php?rest_route=\/wp\/v2\/media\/531"}],"wp:attachment":[{"href":"https:\/\/vrtec-sezana.si\/index.php?rest_route=%2Fwp%2Fv2%2Fmedia&parent=1009"}],"wp:term":[{"taxonomy":"category","embeddable":true,"href":"https:\/\/vrtec-sezana.si\/index.php?rest_route=%2Fwp%2Fv2%2Fcategories&post=1009"},{"taxonomy":"post_tag","embeddable":true,"href":"https:\/\/vrtec-sezana.si\/index.php?rest_route=%2Fwp%2Fv2%2Ftags&post=1009"}],"curies":[{"name":"wp","href":"https:\/\/api.w.org\/{rel}","templated":true}]}}