{"id":10016,"date":"2024-03-31T21:06:22","date_gmt":"2024-03-31T20:06:22","guid":{"rendered":"https:\/\/vrtec-sezana.si\/?p=10016"},"modified":"2024-03-31T21:06:23","modified_gmt":"2024-03-31T20:06:23","slug":"v-pomlad-z-lutko-fitko","status":"publish","type":"post","link":"https:\/\/vrtec-sezana.si\/?p=10016","title":{"rendered":"V pomlad z lutko FITKO"},"content":{"rendered":"\n<p>Na prvi dan pomladi nas je obiskala lutka FITKA. V vrtcu Se\u017eana posve\u010damo veliko pozornosti gibanju. Letos smo v ospredje postavili gibanje na prostem.<\/p>\n\n\n\n<p>Pri \u00bbmedvedkih\u00ab \u017eelimo gibanje na prostem spodbuditi z obiskom lutke FITKE na domu pri vsakem otroku. Tako bo vsak teden eden izmed otrok ob torkih odnesel nahrbtnik z lutko in mapo z listom domov in jo v petek prinesel nazaj v vrtec, kjer si bomo skupaj pogledali kako so z lutko FITKO pre\u017eiveli \u010das na prostem. Na list papirja bodo lahko star\u0161i kaj napisali ali pa otroci kaj narisali, po \u017eelji pa prilepili tudi kak\u0161no fotografijo. Lutka FITKA se \u017ee veseli gibanja na prostem z vsemi otroki.<\/p>\n\n\n\n<p>Z lutko FITKO smo se tako na prvi dan pomladi skupaj z otroki iz skupine \u00bbDinozavri\u00ab odpravili na prvi pomladni sprehod. Ob prihodu na cilj smo se osve\u017eili z vodo in sadjem nato pa vrnili nazaj v vrtec.<\/p>\n\n\n\n<p>Ker je prvi dan pomladi so otroci na ta dan domov od\u0161li s posebnimi cvetli\u010dnimi kronami, ki smo jih pripravili zanje.<\/p>\n\n\n\n<p>Kako smo pre\u017eiveli prvi pomladni dan si lahko pogledate na fotografijah v galeriji.<\/p>\n\n\n\n<p>Besedilo: Nada Ma\u010dinkovi\u0107<\/p>\n\n\n\n<p>Fotografije: Nada Ma\u010dinkovi\u0107<\/p>\n\n\n\n<div class=\"wp-block-buttons is-layout-flex wp-block-buttons-is-layout-flex\">\n<div class=\"wp-block-button\"><a class=\"wp-block-button__link wp-element-button\" href=\"https:\/\/vrtec-sezana.si\/?page_id=9997\">GALERIJA<\/a><\/div>\n<\/div>\n","protected":false},"excerpt":{"rendered":"<p>Na prvi dan pomladi nas je obiskala lutka FITKA. V vrtcu Se\u017eana posve\u010damo veliko pozornosti gibanju. Letos smo v ospredje postavili gibanje na prostem. Pri \u00bbmedvedkih\u00ab \u017eelimo gibanje na prostem spodbuditi z obiskom lutke FITKE na domu pri vsakem otroku. Tako bo&#8230;<\/p>\n","protected":false},"author":23,"featured_media":10014,"comment_status":"closed","ping_status":"closed","sticky":false,"template":"","format":"standard","meta":{"footnotes":""},"categories":[13],"tags":[],"jetpack_featured_media_url":"https:\/\/vrtec-sezana.si\/wp-content\/uploads\/2024\/03\/IMG_20240325_123453-scaled.jpg","_links":{"self":[{"href":"https:\/\/vrtec-sezana.si\/index.php?rest_route=\/wp\/v2\/posts\/10016"}],"collection":[{"href":"https:\/\/vrtec-sezana.si\/index.php?rest_route=\/wp\/v2\/posts"}],"about":[{"href":"https:\/\/vrtec-sezana.si\/index.php?rest_route=\/wp\/v2\/types\/post"}],"author":[{"embeddable":true,"href":"https:\/\/vrtec-sezana.si\/index.php?rest_route=\/wp\/v2\/users\/23"}],"replies":[{"embeddable":true,"href":"https:\/\/vrtec-sezana.si\/index.php?rest_route=%2Fwp%2Fv2%2Fcomments&post=10016"}],"version-history":[{"count":1,"href":"https:\/\/vrtec-sezana.si\/index.php?rest_route=\/wp\/v2\/posts\/10016\/revisions"}],"predecessor-version":[{"id":10017,"href":"https:\/\/vrtec-sezana.si\/index.php?rest_route=\/wp\/v2\/posts\/10016\/revisions\/10017"}],"wp:featuredmedia":[{"embeddable":true,"href":"https:\/\/vrtec-sezana.si\/index.php?rest_route=\/wp\/v2\/media\/10014"}],"wp:attachment":[{"href":"https:\/\/vrtec-sezana.si\/index.php?rest_route=%2Fwp%2Fv2%2Fmedia&parent=10016"}],"wp:term":[{"taxonomy":"category","embeddable":true,"href":"https:\/\/vrtec-sezana.si\/index.php?rest_route=%2Fwp%2Fv2%2Fcategories&post=10016"},{"taxonomy":"post_tag","embeddable":true,"href":"https:\/\/vrtec-sezana.si\/index.php?rest_route=%2Fwp%2Fv2%2Ftags&post=10016"}],"curies":[{"name":"wp","href":"https:\/\/api.w.org\/{rel}","templated":true}]}}